{"id":10563,"date":"2015-09-28T23:59:18","date_gmt":"2015-09-28T23:59:18","guid":{"rendered":"http:\/\/www.ecuadoraldia.com.ec\/?p=10563"},"modified":"2015-09-28T23:59:18","modified_gmt":"2015-09-28T23:59:18","slug":"proyecto-para-alianzas-publico-privadas-llega-a-la-asamblea","status":"publish","type":"post","link":"https:\/\/www.ecuadoraldia.com.ec\/?p=10563","title":{"rendered":"Proyecto para alianzas p\u00fablico-privadas llega a la Asamblea"},"content":{"rendered":"<p style=\"text-align: justify;\"><a href=\"http:\/\/www.ecuadoraldia.com.ec\/wp-content\/uploads\/2015\/09\/asamblea.jpg\"><img loading=\"lazy\" decoding=\"async\" class=\"alignleft size-medium wp-image-10564\" src=\"http:\/\/www.ecuadoraldia.com.ec\/wp-content\/uploads\/2015\/09\/asamblea-300x204.jpg\" alt=\"asamblea\" width=\"300\" height=\"204\" srcset=\"https:\/\/www.ecuadoraldia.com.ec\/wp-content\/uploads\/2015\/09\/asamblea-300x204.jpg 300w, https:\/\/www.ecuadoraldia.com.ec\/wp-content\/uploads\/2015\/09\/asamblea.jpg 310w\" sizes=\"(max-width: 300px) 100vw, 300px\" \/><\/a>El proyecto de Ley Org\u00e1nica de Incentivos para Asociaciones P\u00fablico-Privadas (APP), fue enviado esta tarde a la Asamblea Nacional, seg\u00fan se informa en el portal web del organismo. El documento tiene el car\u00e1cter de econ\u00f3mico urgente y deber\u00e1 tramitarse en 30 d\u00edas.<\/p>\n<p style=\"text-align: justify;\">Las APP est\u00e1n orientadas a la ejecuci\u00f3n de obras de inter\u00e9s p\u00fablico con la intervenci\u00f3n de la empresa privada, a trav\u00e9s de mecanismo t\u00e9cnicos, econ\u00f3mico-financieros y legales, seg\u00fan lo ha explicado el Gobierno.<\/p>\n<p style=\"text-align: justify;\">Representantes del sector privado han considerado esta herramienta como algo positivo, siempre que cuente con las garant\u00edas para la ejecuci\u00f3n de dichas obras.<\/p>\n<p style=\"text-align: justify;\">El proyecto contiene 8 art\u00edculos referentes al objeto, reglas generales para la aplicaci\u00f3n de incentivos para asociaciones p\u00fablico-privadas; comit\u00e9 interinstitucional; incentivos, estabilidad jur\u00eddica, resoluci\u00f3n de controversias, neutralidad en el origen de financiamiento productivo, facilitaci\u00f3n de procesos y procedimientos, adem\u00e1s 8 disposiciones reformatorias y derogatorias, una general y una transitoria.<\/p>\n<p style=\"text-align: justify;\">La ministra coordinadora de la Producci\u00f3n, Nathalie Cely, dijo la semana pasada que este cuerpo legal es una herramienta m\u00e1s para atraer recursos a la econom\u00eda local, sobre todo del extranjero, y proteger el empleo en medio de la coyuntura actual, afectada por los bajos precios del crudo .<\/p>\n<p style=\"text-align: justify;\">El portafolio de alianzas p\u00fablico-privadas suma alrededor de $ 6.500 millones. (El Tel\u00e9grafo)<\/p>\n","protected":false},"excerpt":{"rendered":"<p>El proyecto de Ley Org\u00e1nica de Incentivos para Asociaciones P\u00fablico-Privadas (APP), fue enviado esta tarde a la Asamblea Nacional, seg\u00fan<\/p>\n","protected":false},"author":1,"featured_media":0,"comment_status":"open","ping_status":"open","sticky":false,"template":"","format":"standard","meta":{"footnotes":""},"categories":[1],"tags":[],"_links":{"self":[{"href":"https:\/\/www.ecuadoraldia.com.ec\/index.php?rest_route=\/wp\/v2\/posts\/10563"}],"collection":[{"href":"https:\/\/www.ecuadoraldia.com.ec\/index.php?rest_route=\/wp\/v2\/posts"}],"about":[{"href":"https:\/\/www.ecuadoraldia.com.ec\/index.php?rest_route=\/wp\/v2\/types\/post"}],"author":[{"embeddable":true,"href":"https:\/\/www.ecuadoraldia.com.ec\/index.php?rest_route=\/wp\/v2\/users\/1"}],"replies":[{"embeddable":true,"href":"https:\/\/www.ecuadoraldia.com.ec\/index.php?rest_route=%2Fwp%2Fv2%2Fcomments&post=10563"}],"version-history":[{"count":1,"href":"https:\/\/www.ecuadoraldia.com.ec\/index.php?rest_route=\/wp\/v2\/posts\/10563\/revisions"}],"predecessor-version":[{"id":10565,"href":"https:\/\/www.ecuadoraldia.com.ec\/index.php?rest_route=\/wp\/v2\/posts\/10563\/revisions\/10565"}],"wp:attachment":[{"href":"https:\/\/www.ecuadoraldia.com.ec\/index.php?rest_route=%2Fwp%2Fv2%2Fmedia&parent=10563"}],"wp:term":[{"taxonomy":"category","embeddable":true,"href":"https:\/\/www.ecuadoraldia.com.ec\/index.php?rest_route=%2Fwp%2Fv2%2Fcategories&post=10563"},{"taxonomy":"post_tag","embeddable":true,"href":"https:\/\/www.ecuadoraldia.com.ec\/index.php?rest_route=%2Fwp%2Fv2%2Ftags&post=10563"}],"curies":[{"name":"wp","href":"https:\/\/api.w.org\/{rel}","templated":true}]}}