{"id":10566,"date":"2015-09-29T00:01:24","date_gmt":"2015-09-29T00:01:24","guid":{"rendered":"http:\/\/www.ecuadoraldia.com.ec\/?p=10566"},"modified":"2015-09-29T00:01:24","modified_gmt":"2015-09-29T00:01:24","slug":"la-nasa-descubre-agua-liquida-en-marte","status":"publish","type":"post","link":"https:\/\/www.ecuadoraldia.com.ec\/?p=10566","title":{"rendered":"\u00abLa NASA descubre agua l\u00edquida en Marte\u00bb"},"content":{"rendered":"<figure id=\"attachment_10567\" aria-describedby=\"caption-attachment-10567\" style=\"width: 300px\" class=\"wp-caption alignleft\"><a href=\"http:\/\/www.ecuadoraldia.com.ec\/wp-content\/uploads\/2015\/09\/28-09-2015-Marte_.jpg\"><img loading=\"lazy\" decoding=\"async\" class=\"size-medium wp-image-10567\" src=\"http:\/\/www.ecuadoraldia.com.ec\/wp-content\/uploads\/2015\/09\/28-09-2015-Marte_-300x155.jpg\" alt=\"Cient\u00edficos hallaron agua l\u00edquida en Marte, inform\u00f3 el lunes la agencia espacial estadounidense NASA.\" width=\"300\" height=\"155\" srcset=\"https:\/\/www.ecuadoraldia.com.ec\/wp-content\/uploads\/2015\/09\/28-09-2015-Marte_-300x155.jpg 300w, https:\/\/www.ecuadoraldia.com.ec\/wp-content\/uploads\/2015\/09\/28-09-2015-Marte_.jpg 635w\" sizes=\"(max-width: 300px) 100vw, 300px\" \/><\/a><figcaption id=\"caption-attachment-10567\" class=\"wp-caption-text\">Cient\u00edficos hallaron agua l\u00edquida en Marte, inform\u00f3 el lunes la agencia espacial estadounidense NASA.<\/figcaption><\/figure>\n<p style=\"text-align: justify;\">\u00abMarte no es el planeta seco y \u00e1rido que pens\u00e1bamos en el pasado que era\u00bb, dijo Jim Green, director de ciencias planetarias de la NASA, en una conferencia de prensa.<\/p>\n<p style=\"text-align: justify;\">\u00abBajo ciertas circunstancias, se ha hallado agua l\u00edquida en Marte\u00bb, a\u00f1adi\u00f3.<\/p>\n<p style=\"text-align: justify;\">Desde hace tiempo, los cient\u00edficos han supuesto que, en alg\u00fan momento de su historia, el planeta rojo hab\u00eda tenido agua, que al fluir formaba valles y ca\u00f1ones.<\/p>\n<p style=\"text-align: justify;\">Pero se cree que esto cambi\u00f3 hace 3.000 millones de a\u00f1os debido a un importante cambio clim\u00e1tico, dijo Green. \u00abHoy, estamos revolucionando lo que cre\u00edamos sobre este planeta\u00bb.<\/p>\n<p style=\"text-align: justify;\">\u00abNuestras sondas est\u00e1n descubriendo que hay mucha m\u00e1s humedad en el aire (de lo que se supon\u00eda)\u00bb, a\u00f1adi\u00f3.<\/p>\n<p style=\"text-align: justify;\">Las sondas que investigan la superficie de Marte tambi\u00e9n descubrieron que el suelo es mucho m\u00e1s h\u00famedo de lo pensado.<\/p>\n<p style=\"text-align: justify;\">Hace unos 4 a\u00f1os, se observ\u00f3 que unas vetas oscuras recorr\u00edan las laderas de la superficie marciana.<\/p>\n<p style=\"text-align: justify;\">Los cient\u00edficos no ten\u00edan pruebas, no obstante, de que estas vetas -que se formaban en primavera, crec\u00edan en verano y desaparec\u00edan en oto\u00f1o- fueran agua.<\/p>\n<p style=\"text-align: justify;\">Pero despu\u00e9s de cuidadosos estudios y an\u00e1lisis, llegaron a la conclusi\u00f3n de que s\u00ed, que estas vetas son, en efecto, agua que fluye. (I) AFP.<\/p>\n","protected":false},"excerpt":{"rendered":"<p>\u00abMarte no es el planeta seco y \u00e1rido que pens\u00e1bamos en el pasado que era\u00bb, dijo Jim Green, director de<\/p>\n","protected":false},"author":1,"featured_media":0,"comment_status":"open","ping_status":"open","sticky":false,"template":"","format":"standard","meta":{"footnotes":""},"categories":[8],"tags":[],"_links":{"self":[{"href":"https:\/\/www.ecuadoraldia.com.ec\/index.php?rest_route=\/wp\/v2\/posts\/10566"}],"collection":[{"href":"https:\/\/www.ecuadoraldia.com.ec\/index.php?rest_route=\/wp\/v2\/posts"}],"about":[{"href":"https:\/\/www.ecuadoraldia.com.ec\/index.php?rest_route=\/wp\/v2\/types\/post"}],"author":[{"embeddable":true,"href":"https:\/\/www.ecuadoraldia.com.ec\/index.php?rest_route=\/wp\/v2\/users\/1"}],"replies":[{"embeddable":true,"href":"https:\/\/www.ecuadoraldia.com.ec\/index.php?rest_route=%2Fwp%2Fv2%2Fcomments&post=10566"}],"version-history":[{"count":1,"href":"https:\/\/www.ecuadoraldia.com.ec\/index.php?rest_route=\/wp\/v2\/posts\/10566\/revisions"}],"predecessor-version":[{"id":10568,"href":"https:\/\/www.ecuadoraldia.com.ec\/index.php?rest_route=\/wp\/v2\/posts\/10566\/revisions\/10568"}],"wp:attachment":[{"href":"https:\/\/www.ecuadoraldia.com.ec\/index.php?rest_route=%2Fwp%2Fv2%2Fmedia&parent=10566"}],"wp:term":[{"taxonomy":"category","embeddable":true,"href":"https:\/\/www.ecuadoraldia.com.ec\/index.php?rest_route=%2Fwp%2Fv2%2Fcategories&post=10566"},{"taxonomy":"post_tag","embeddable":true,"href":"https:\/\/www.ecuadoraldia.com.ec\/index.php?rest_route=%2Fwp%2Fv2%2Ftags&post=10566"}],"curies":[{"name":"wp","href":"https:\/\/api.w.org\/{rel}","templated":true}]}}