{"id":10658,"date":"2015-10-02T23:55:04","date_gmt":"2015-10-02T23:55:04","guid":{"rendered":"http:\/\/www.ecuadoraldia.com.ec\/?p=10658"},"modified":"2015-10-02T23:55:04","modified_gmt":"2015-10-02T23:55:04","slug":"desde-este-2-de-octubre-ecuador-preside-el-comite-ejecutivo-de-la-ops","status":"publish","type":"post","link":"https:\/\/www.ecuadoraldia.com.ec\/?p=10658","title":{"rendered":"Desde este 2 de octubre Ecuador preside el Comit\u00e9 Ejecutivo de la OPS"},"content":{"rendered":"<p style=\"text-align: justify;\"><a href=\"http:\/\/www.ecuadoraldia.com.ec\/wp-content\/uploads\/2015\/10\/CARINAVANCE_.jpg\"><img loading=\"lazy\" decoding=\"async\" class=\"alignleft size-medium wp-image-10659\" src=\"http:\/\/www.ecuadoraldia.com.ec\/wp-content\/uploads\/2015\/10\/CARINAVANCE_-300x236.jpg\" alt=\"CARINAVANCE_\" width=\"300\" height=\"236\" srcset=\"https:\/\/www.ecuadoraldia.com.ec\/wp-content\/uploads\/2015\/10\/CARINAVANCE_-300x236.jpg 300w, https:\/\/www.ecuadoraldia.com.ec\/wp-content\/uploads\/2015\/10\/CARINAVANCE_.jpg 387w\" sizes=\"(max-width: 300px) 100vw, 300px\" \/><\/a>La ministra Carina Vance fue designada para presidir el Comit\u00e9 Ejecutivo de la Organizaci\u00f3n Panamericana de la Salud (OPS) en nombre del Estado ecuatoriano, para el periodo 2015-2016, funciones que ejerce a partir de este viernes 2 de octubre.<\/p>\n<p style=\"text-align: justify;\">La designaci\u00f3n un\u00e1nime se hizo en el marco del 54\u00ba Consejo Directivo de la OPS, cuyos miembros reconocieron la \u00abeficiencia y liderazgo\u00bb de Ecuador, tanto en los programas de salud que lleva a cabo internamente, como en pro de mejorar la situaci\u00f3n de la salud de los habitantes del Hemisferio, seg\u00fan indica un bolet\u00edn oficial.<\/p>\n<p style=\"text-align: justify;\">Actualmente el Comit\u00e9 Ejecutivo tiene un periodo de duraci\u00f3n de 3 a\u00f1os y est\u00e1 integrado por 9 Estados miembros: Argentina, Antigua y Barbuda, Bahamas, Costa Rica, Ecuador, Estados Unidos de Am\u00e9rica, Chile, Guatemala y, Trinidad y Tobago.<\/p>\n<p style=\"text-align: justify;\">Otro hecho a destacar es que el Estado ecuatoriano logr\u00f3 nuevamente una posici\u00f3n de liderazgo internacional, al recibir un reconocimiento de la Organizaci\u00f3n Panamericana de la Salud (OPS) por su eficacia en la lucha contra la enfermedad denominada oncocercosis.<\/p>\n<p style=\"text-align: justify;\">Ecuador certific\u00f3 mundialmente sus avances al convertirse en el segundo pa\u00eds en el planeta en eliminar este mal de su territorio, luego de 35 a\u00f1os de investigaci\u00f3n y control de la enfermedad.<\/p>\n<p style=\"text-align: justify;\">El anuncio lo hizo la ministra Vance, el 29 de septiembre pasado, en el marco de su participaci\u00f3n en el Consejo Directivo de la OPS, en Washington D.C..<\/p>\n<p style=\"text-align: justify;\">La declaratoria fue comunicada al pa\u00eds a trav\u00e9s de una carta firmada por Margaret Chan, directora general de la Organizaci\u00f3n Mundial de la Salud (OMS). (I)<\/p>\n","protected":false},"excerpt":{"rendered":"<p>La ministra Carina Vance fue designada para presidir el Comit\u00e9 Ejecutivo de la Organizaci\u00f3n Panamericana de la Salud (OPS) en<\/p>\n","protected":false},"author":1,"featured_media":0,"comment_status":"open","ping_status":"open","sticky":false,"template":"","format":"standard","meta":{"footnotes":""},"categories":[4],"tags":[],"_links":{"self":[{"href":"https:\/\/www.ecuadoraldia.com.ec\/index.php?rest_route=\/wp\/v2\/posts\/10658"}],"collection":[{"href":"https:\/\/www.ecuadoraldia.com.ec\/index.php?rest_route=\/wp\/v2\/posts"}],"about":[{"href":"https:\/\/www.ecuadoraldia.com.ec\/index.php?rest_route=\/wp\/v2\/types\/post"}],"author":[{"embeddable":true,"href":"https:\/\/www.ecuadoraldia.com.ec\/index.php?rest_route=\/wp\/v2\/users\/1"}],"replies":[{"embeddable":true,"href":"https:\/\/www.ecuadoraldia.com.ec\/index.php?rest_route=%2Fwp%2Fv2%2Fcomments&post=10658"}],"version-history":[{"count":1,"href":"https:\/\/www.ecuadoraldia.com.ec\/index.php?rest_route=\/wp\/v2\/posts\/10658\/revisions"}],"predecessor-version":[{"id":10660,"href":"https:\/\/www.ecuadoraldia.com.ec\/index.php?rest_route=\/wp\/v2\/posts\/10658\/revisions\/10660"}],"wp:attachment":[{"href":"https:\/\/www.ecuadoraldia.com.ec\/index.php?rest_route=%2Fwp%2Fv2%2Fmedia&parent=10658"}],"wp:term":[{"taxonomy":"category","embeddable":true,"href":"https:\/\/www.ecuadoraldia.com.ec\/index.php?rest_route=%2Fwp%2Fv2%2Fcategories&post=10658"},{"taxonomy":"post_tag","embeddable":true,"href":"https:\/\/www.ecuadoraldia.com.ec\/index.php?rest_route=%2Fwp%2Fv2%2Ftags&post=10658"}],"curies":[{"name":"wp","href":"https:\/\/api.w.org\/{rel}","templated":true}]}}