{"id":10661,"date":"2015-10-02T23:56:58","date_gmt":"2015-10-02T23:56:58","guid":{"rendered":"http:\/\/www.ecuadoraldia.com.ec\/?p=10661"},"modified":"2015-10-02T23:56:58","modified_gmt":"2015-10-02T23:56:58","slug":"los-cinco-de-cuba-constataron-dano-ambiental-dejado-por-chevron","status":"publish","type":"post","link":"https:\/\/www.ecuadoraldia.com.ec\/?p=10661","title":{"rendered":"&#8216;Los cinco de Cuba&#8217; constataron da\u00f1o ambiental dejado por Chevron"},"content":{"rendered":"<p style=\"text-align: justify;\"><a href=\"http:\/\/www.ecuadoraldia.com.ec\/wp-content\/uploads\/2015\/10\/cincocuba_.jpg\"><img loading=\"lazy\" decoding=\"async\" class=\"alignleft size-medium wp-image-10662\" src=\"http:\/\/www.ecuadoraldia.com.ec\/wp-content\/uploads\/2015\/10\/cincocuba_-300x199.jpg\" alt=\"cincocuba_\" width=\"300\" height=\"199\" srcset=\"https:\/\/www.ecuadoraldia.com.ec\/wp-content\/uploads\/2015\/10\/cincocuba_-300x199.jpg 300w, https:\/\/www.ecuadoraldia.com.ec\/wp-content\/uploads\/2015\/10\/cincocuba_.jpg 635w\" sizes=\"(max-width: 300px) 100vw, 300px\" \/><\/a>Gerardo Hern\u00e1ndez, Ram\u00f3n Laba\u00f1ino, Antonio Guerrero, Ren\u00e9 Gonz\u00e1lez y Fernando Gonz\u00e1lez constataron la contaminaci\u00f3n dejada por Chevron en la Amazon\u00eda ecuatoriana, inform\u00f3 la Canciller\u00eda en un comunicado.<\/p>\n<p style=\"text-align: justify;\">,&#8217;Los cinco de Cuba&#8217; visitaron este viernes el Pozo Aguarico 2, en la provincia de Sucumb\u00edos, en una zona donde yacen piscinas de desechos t\u00f3xicos dejados aparentemente por Texaco (posteriormente adquirida por Chevron), durante el periodo en que oper\u00f3 en esa regi\u00f3n del noreste de Ecuador, entre 1964 y 1992.<\/p>\n<p style=\"text-align: justify;\">Gerardo Hern\u00e1ndez expres\u00f3 estar sumamente indignado por los abusos y atropellos de las grandes corporaciones contra pueblos soberanos. \u00abLa lucha nunca es f\u00e1cil, pero nunca que rindan y sigan exigiendo sus derechos, sabemos que la justicia aunque demore y cueste mucho trabajo llegar\u00e1\u00bb, apunt\u00f3.<\/p>\n<p style=\"text-align: justify;\">De su lado Antonio Guerrero, en declaraciones reproducidas por el portal informativo oficial El Ciudadano, se\u00f1al\u00f3 que pese a que conoc\u00eda de los procesos judiciales contra la petrolera, no es lo mismo que \u00abtocar\u00bb y \u00aboler\u00bb la contaminaci\u00f3n.<\/p>\n<p style=\"text-align: justify;\">Esta ha sido una \u00aboportunidad de tomar m\u00e1s conciencia de cu\u00e1nta raz\u00f3n hay en el reclamo del pueblo y el Gobierno ecuatoriano en contra del capitalismo, porque Chevron lo que representan es el capitalismo brutal, que lo que hace es generar m\u00e1s riqueza para los ya ricos\u00bb, a\u00f1adi\u00f3 Guerrero.<\/p>\n<p style=\"text-align: justify;\">Ram\u00f3n Laba\u00f1ino manifest\u00f3 que el \u00fanico camino que nos queda \u00abes la resistencia, la unidad y la lucha eterna en favor de nuestros pueblos y ah\u00ed estar\u00e1n &#8216;Los 5 de Cuba&#8217; apoyando al Ecuador en su lucha por demostrar al mundo el da\u00f1o medioambiental causado por la transnacional Chevron\u00bb.<\/p>\n<p style=\"text-align: justify;\">\u00abEstar aqu\u00ed ratifica lo que ya se conoce. Es terrible lo que la explotaci\u00f3n a las comunidades m\u00e1s pobres puede hacer. Lo hemos escuchado de los campesinos que habitan este lugar y vivieron las atrocidades que cometi\u00f3 la trasnacional\u00bb, apunt\u00f3 Orlando Cardoso, quien estuvo preso en Somalia durante 11 a\u00f1os y acompa\u00f1a a \u00abLos cino de Cuba\u00bb.<\/p>\n<p style=\"text-align: justify;\">Uno de los afectados, Jos\u00e9 Guam\u00e1n, un agricultor que habita en esa zona, cont\u00f3 sobre los efectos de la contaminaci\u00f3n que hasta ahora impactan en la regi\u00f3n. \u00abEn el a\u00f1o 74 (1974) yo cultivaba caf\u00e9 y ten\u00eda ganado. En una ocasi\u00f3n mi esposa y una vacona (vaca peque\u00f1a) se cayeron en uno de los pozos. Esa misma tarde mi esposa enferm\u00f3 y yo no ten\u00eda los recursos para hacerla atender. Siete a\u00f1os despu\u00e9s ella falleci\u00f3 con c\u00e1ncer\u00bb, relat\u00f3 el campesino.<\/p>\n<p style=\"text-align: justify;\">De su lado, el embajador de Cuba en Ecuador, Jorge Rodr\u00edguez, que acompa\u00f1\u00f3 a sus compatriotas hasta el pozo Aguarico 2, dijo que es la segunda vez que visitaba la zona. \u00abYo lo califico como un crimen de lesa humanidad, porque esto pr\u00e1cticamente es irrecuperable y es irrecuperable la vida y la biodiversidad que se ha perdido aqu\u00ed\u00bb, agreg\u00f3 el diplom\u00e1tico cubano.<\/p>\n<p style=\"text-align: justify;\">&#8216;Los cinco de Cuba&#8217; , de visita en Ecuador, participaron en el II Encuentro Latinoamericano Progresista (ELAP) en Quito. Tambi\u00e9n mantuvieron una reuni\u00f3n con el presidente Rafael Correa. (I)<\/p>\n","protected":false},"excerpt":{"rendered":"<p>Gerardo Hern\u00e1ndez, Ram\u00f3n Laba\u00f1ino, Antonio Guerrero, Ren\u00e9 Gonz\u00e1lez y Fernando Gonz\u00e1lez constataron la contaminaci\u00f3n dejada por Chevron en la Amazon\u00eda<\/p>\n","protected":false},"author":1,"featured_media":0,"comment_status":"open","ping_status":"open","sticky":false,"template":"","format":"standard","meta":{"footnotes":""},"categories":[3],"tags":[],"_links":{"self":[{"href":"https:\/\/www.ecuadoraldia.com.ec\/index.php?rest_route=\/wp\/v2\/posts\/10661"}],"collection":[{"href":"https:\/\/www.ecuadoraldia.com.ec\/index.php?rest_route=\/wp\/v2\/posts"}],"about":[{"href":"https:\/\/www.ecuadoraldia.com.ec\/index.php?rest_route=\/wp\/v2\/types\/post"}],"author":[{"embeddable":true,"href":"https:\/\/www.ecuadoraldia.com.ec\/index.php?rest_route=\/wp\/v2\/users\/1"}],"replies":[{"embeddable":true,"href":"https:\/\/www.ecuadoraldia.com.ec\/index.php?rest_route=%2Fwp%2Fv2%2Fcomments&post=10661"}],"version-history":[{"count":1,"href":"https:\/\/www.ecuadoraldia.com.ec\/index.php?rest_route=\/wp\/v2\/posts\/10661\/revisions"}],"predecessor-version":[{"id":10663,"href":"https:\/\/www.ecuadoraldia.com.ec\/index.php?rest_route=\/wp\/v2\/posts\/10661\/revisions\/10663"}],"wp:attachment":[{"href":"https:\/\/www.ecuadoraldia.com.ec\/index.php?rest_route=%2Fwp%2Fv2%2Fmedia&parent=10661"}],"wp:term":[{"taxonomy":"category","embeddable":true,"href":"https:\/\/www.ecuadoraldia.com.ec\/index.php?rest_route=%2Fwp%2Fv2%2Fcategories&post=10661"},{"taxonomy":"post_tag","embeddable":true,"href":"https:\/\/www.ecuadoraldia.com.ec\/index.php?rest_route=%2Fwp%2Fv2%2Ftags&post=10661"}],"curies":[{"name":"wp","href":"https:\/\/api.w.org\/{rel}","templated":true}]}}