{"id":10664,"date":"2015-10-03T00:15:48","date_gmt":"2015-10-03T00:15:48","guid":{"rendered":"http:\/\/www.ecuadoraldia.com.ec\/?p=10664"},"modified":"2015-10-03T00:15:48","modified_gmt":"2015-10-03T00:15:48","slug":"la-fae-deja-de-transportar-viveres-a-galapagos","status":"publish","type":"post","link":"https:\/\/www.ecuadoraldia.com.ec\/?p=10664","title":{"rendered":"La FAE deja de  transportar  v\u00edveres a Gal\u00e1pagos"},"content":{"rendered":"<figure id=\"attachment_10665\" aria-describedby=\"caption-attachment-10665\" style=\"width: 300px\" class=\"wp-caption alignleft\"><a href=\"http:\/\/www.ecuadoraldia.com.ec\/wp-content\/uploads\/2015\/10\/02-10-15-fae3.jpg\"><img loading=\"lazy\" decoding=\"async\" class=\"size-medium wp-image-10665\" src=\"http:\/\/www.ecuadoraldia.com.ec\/wp-content\/uploads\/2015\/10\/02-10-15-fae3-300x225.jpg\" alt=\" Hoy se realiz\u00f3 el \u00faltimo vuelo de transporte de v\u00edveres a Gal\u00e1pagos \" width=\"300\" height=\"225\" srcset=\"https:\/\/www.ecuadoraldia.com.ec\/wp-content\/uploads\/2015\/10\/02-10-15-fae3-300x225.jpg 300w, https:\/\/www.ecuadoraldia.com.ec\/wp-content\/uploads\/2015\/10\/02-10-15-fae3.jpg 800w\" sizes=\"(max-width: 300px) 100vw, 300px\" \/><\/a><figcaption id=\"caption-attachment-10665\" class=\"wp-caption-text\"><br \/>Hoy se realiz\u00f3 el \u00faltimo vuelo de transporte de v\u00edveres a Gal\u00e1pagos<\/figcaption><\/figure>\n<p style=\"text-align: justify;\">Hoy se realiza el \u00faltimo vuelo de transporte de v\u00edveres a Gal\u00e1pagos por parte de la Fuerza A\u00e9rea Ecuatoriana (FAE) despu\u00e9s de que a principios de a\u00f1o, 4 de las 5 embarcaciones encargadas de abastecer al archipi\u00e9lago sufrieran percances.<\/p>\n<p style=\"text-align: justify;\">El general de la FAE, C\u00e9sar Ramos, indic\u00f3 que se movilizar\u00e1n en este \u00faltimo cargamento de v\u00edveres, 32.000 libras perecibles, adem\u00e1s de instrumentos para la construcci\u00f3n de un parque en la isla de Baltra, pero los instrumentos llegar\u00e1n a la base de San Crist\u00f3bal.<\/p>\n<p style=\"text-align: justify;\">De igual manera, Ramos se\u00f1al\u00f3 que \u00abse han llevado 2&#8217;000.000 de libras en provisiones, as\u00ed como 4.800 personas y atenci\u00f3n de incidentes\u00bb.<\/p>\n<p style=\"text-align: justify;\">Por otra parte, el presidente de la Junta de Gobierno de Gal\u00e1pagos, Eliecer Cruz, agradeci\u00f3 la labor realizada por la FAE durante la emergencia en el archipi\u00e9lago.<\/p>\n<p style=\"text-align: justify;\">\u00abEsto permiti\u00f3 sobrellevar el problema de desabastecimiento, no solo fueron v\u00edveres, sino tambi\u00e9n medicamentos, materiales para los centros infantiles en Gal\u00e1pagos\u00bb, manifest\u00f3 Cruz.<\/p>\n<p style=\"text-align: justify;\">El funcionario adem\u00e1s, entreg\u00f3 una placa de reconocimiento a la FAE, la cual fue recibida por el general C\u00e9sar Ramos.<\/p>\n<p style=\"text-align: justify;\">Por su parte, el General le dio una r\u00e9plica de un avi\u00f3n de la FAE a Cruz.<\/p>\n<p style=\"text-align: justify;\">En esta \u00faltima operaci\u00f3n de transporte de v\u00edveres se utilizar\u00e1 un avi\u00f3n C-130, m\u00e1s conocido como H\u00e9rcules. A las 11:00 est\u00e1 previsto el vuelo hacia la base de Baltra y despu\u00e9s a la de San Crist\u00f3bal.<\/p>\n","protected":false},"excerpt":{"rendered":"<p>Hoy se realiza el \u00faltimo vuelo de transporte de v\u00edveres a Gal\u00e1pagos por parte de la Fuerza A\u00e9rea Ecuatoriana (FAE)<\/p>\n","protected":false},"author":1,"featured_media":0,"comment_status":"open","ping_status":"open","sticky":false,"template":"","format":"standard","meta":{"footnotes":""},"categories":[11],"tags":[],"_links":{"self":[{"href":"https:\/\/www.ecuadoraldia.com.ec\/index.php?rest_route=\/wp\/v2\/posts\/10664"}],"collection":[{"href":"https:\/\/www.ecuadoraldia.com.ec\/index.php?rest_route=\/wp\/v2\/posts"}],"about":[{"href":"https:\/\/www.ecuadoraldia.com.ec\/index.php?rest_route=\/wp\/v2\/types\/post"}],"author":[{"embeddable":true,"href":"https:\/\/www.ecuadoraldia.com.ec\/index.php?rest_route=\/wp\/v2\/users\/1"}],"replies":[{"embeddable":true,"href":"https:\/\/www.ecuadoraldia.com.ec\/index.php?rest_route=%2Fwp%2Fv2%2Fcomments&post=10664"}],"version-history":[{"count":1,"href":"https:\/\/www.ecuadoraldia.com.ec\/index.php?rest_route=\/wp\/v2\/posts\/10664\/revisions"}],"predecessor-version":[{"id":10666,"href":"https:\/\/www.ecuadoraldia.com.ec\/index.php?rest_route=\/wp\/v2\/posts\/10664\/revisions\/10666"}],"wp:attachment":[{"href":"https:\/\/www.ecuadoraldia.com.ec\/index.php?rest_route=%2Fwp%2Fv2%2Fmedia&parent=10664"}],"wp:term":[{"taxonomy":"category","embeddable":true,"href":"https:\/\/www.ecuadoraldia.com.ec\/index.php?rest_route=%2Fwp%2Fv2%2Fcategories&post=10664"},{"taxonomy":"post_tag","embeddable":true,"href":"https:\/\/www.ecuadoraldia.com.ec\/index.php?rest_route=%2Fwp%2Fv2%2Ftags&post=10664"}],"curies":[{"name":"wp","href":"https:\/\/api.w.org\/{rel}","templated":true}]}}