{"id":10667,"date":"2015-10-03T00:16:48","date_gmt":"2015-10-03T00:16:48","guid":{"rendered":"http:\/\/www.ecuadoraldia.com.ec\/?p=10667"},"modified":"2015-10-03T00:16:48","modified_gmt":"2015-10-03T00:16:48","slug":"lasso-nuevo-vicecanciller-del-ecuador","status":"publish","type":"post","link":"https:\/\/www.ecuadoraldia.com.ec\/?p=10667","title":{"rendered":"Lasso: nuevo vicecanciller del Ecuador"},"content":{"rendered":"<p style=\"text-align: justify;\"><a href=\"http:\/\/www.ecuadoraldia.com.ec\/wp-content\/uploads\/2015\/10\/02-10-2015-Xavier-Lasso.jpg\"><img loading=\"lazy\" decoding=\"async\" class=\"alignleft size-medium wp-image-10668\" src=\"http:\/\/www.ecuadoraldia.com.ec\/wp-content\/uploads\/2015\/10\/02-10-2015-Xavier-Lasso-300x176.jpg\" alt=\"02-10-2015-Xavier-Lasso\" width=\"300\" height=\"176\" srcset=\"https:\/\/www.ecuadoraldia.com.ec\/wp-content\/uploads\/2015\/10\/02-10-2015-Xavier-Lasso-300x176.jpg 300w, https:\/\/www.ecuadoraldia.com.ec\/wp-content\/uploads\/2015\/10\/02-10-2015-Xavier-Lasso.jpg 635w\" sizes=\"(max-width: 300px) 100vw, 300px\" \/><\/a>El canciller Ricardo Pati\u00f1o inform\u00f3 que ha designado a Xavier Lasso como Viceministro de Relaciones Exteriores e Integraci\u00f3n Pol\u00edtica, cargo que desempe\u00f1ar\u00e1 a partir del lunes 5 de octubre de 2015.<\/p>\n<p style=\"text-align: justify;\">Xavier Lasso desempe\u00f1\u00f3 durante los \u00faltimos 3 a\u00f1os las funciones de Representante Permanente del Ecuador ante las Naciones Unidas con sede en Nueva York y ha estado reemplazando a Pati\u00f1o en las \u00faltimas semanas como canciller subrogante.<\/p>\n<p style=\"text-align: justify;\">Al tiempo de informar sobre esta nueva designaci\u00f3n, Pati\u00f1o agradeci\u00f3 los servicios prestados por el Vicecanciller saliente, Leonardo Ar\u00edzaga, quien ha sido designado a nuevas e importantes funciones en el servicio exterior ecuatoriano. (I)<\/p>\n","protected":false},"excerpt":{"rendered":"<p>El canciller Ricardo Pati\u00f1o inform\u00f3 que ha designado a Xavier Lasso como Viceministro de Relaciones Exteriores e Integraci\u00f3n Pol\u00edtica, cargo<\/p>\n","protected":false},"author":1,"featured_media":0,"comment_status":"open","ping_status":"open","sticky":false,"template":"","format":"standard","meta":{"footnotes":""},"categories":[3],"tags":[],"_links":{"self":[{"href":"https:\/\/www.ecuadoraldia.com.ec\/index.php?rest_route=\/wp\/v2\/posts\/10667"}],"collection":[{"href":"https:\/\/www.ecuadoraldia.com.ec\/index.php?rest_route=\/wp\/v2\/posts"}],"about":[{"href":"https:\/\/www.ecuadoraldia.com.ec\/index.php?rest_route=\/wp\/v2\/types\/post"}],"author":[{"embeddable":true,"href":"https:\/\/www.ecuadoraldia.com.ec\/index.php?rest_route=\/wp\/v2\/users\/1"}],"replies":[{"embeddable":true,"href":"https:\/\/www.ecuadoraldia.com.ec\/index.php?rest_route=%2Fwp%2Fv2%2Fcomments&post=10667"}],"version-history":[{"count":1,"href":"https:\/\/www.ecuadoraldia.com.ec\/index.php?rest_route=\/wp\/v2\/posts\/10667\/revisions"}],"predecessor-version":[{"id":10669,"href":"https:\/\/www.ecuadoraldia.com.ec\/index.php?rest_route=\/wp\/v2\/posts\/10667\/revisions\/10669"}],"wp:attachment":[{"href":"https:\/\/www.ecuadoraldia.com.ec\/index.php?rest_route=%2Fwp%2Fv2%2Fmedia&parent=10667"}],"wp:term":[{"taxonomy":"category","embeddable":true,"href":"https:\/\/www.ecuadoraldia.com.ec\/index.php?rest_route=%2Fwp%2Fv2%2Fcategories&post=10667"},{"taxonomy":"post_tag","embeddable":true,"href":"https:\/\/www.ecuadoraldia.com.ec\/index.php?rest_route=%2Fwp%2Fv2%2Ftags&post=10667"}],"curies":[{"name":"wp","href":"https:\/\/api.w.org\/{rel}","templated":true}]}}