{"id":10673,"date":"2015-10-03T00:49:06","date_gmt":"2015-10-03T00:49:06","guid":{"rendered":"http:\/\/www.ecuadoraldia.com.ec\/?p=10673"},"modified":"2015-10-03T00:49:06","modified_gmt":"2015-10-03T00:49:06","slug":"exalcaldes-piden-a-rodas-dedicarse-a-la-capital","status":"publish","type":"post","link":"https:\/\/www.ecuadoraldia.com.ec\/?p=10673","title":{"rendered":"Exalcaldes piden a Rodas dedicarse a la capital"},"content":{"rendered":"<p style=\"text-align: justify;\"><a href=\"http:\/\/www.ecuadoraldia.com.ec\/wp-content\/uploads\/2015\/10\/Consejo-Metropolitano_.jpg\"><img loading=\"lazy\" decoding=\"async\" class=\"alignleft size-medium wp-image-10674\" src=\"http:\/\/www.ecuadoraldia.com.ec\/wp-content\/uploads\/2015\/10\/Consejo-Metropolitano_-300x167.jpg\" alt=\"Consejo-Metropolitano_\" width=\"300\" height=\"167\" srcset=\"https:\/\/www.ecuadoraldia.com.ec\/wp-content\/uploads\/2015\/10\/Consejo-Metropolitano_-300x167.jpg 300w, https:\/\/www.ecuadoraldia.com.ec\/wp-content\/uploads\/2015\/10\/Consejo-Metropolitano_.jpg 517w\" sizes=\"(max-width: 300px) 100vw, 300px\" \/><\/a>Francisco Rosales, exministro y editorialista del desaparecido diario Hoy, afirm\u00f3 que el primer paso para que el alcalde quite\u00f1o, Mauricio Rodas, mejore su administraci\u00f3n es que entienda que est\u00e1 haciendo mal las cosas.<\/p>\n<p style=\"text-align: justify;\">Lo dijo durante una entrevista en Radio Democracia, en la que comparti\u00f3 panel con los exalcaldes Paco Moncayo y Roque Sevilla.<\/p>\n<p style=\"text-align: justify;\">\u201cSi no toma esa conciencia, no hay manera de que salga de la situaci\u00f3n en la que est\u00e1. Entonces, creo que es indispensable que se d\u00e9 cuenta de que las cosas no est\u00e1n yendo bien y que es necesario retomar la iniciativa, el reordenamiento de la ciudad\u201d, asegur\u00f3 el analista.<\/p>\n<p style=\"text-align: justify;\">Rosales apunt\u00f3 que \u201cno se ven obras importantes. Se ve s\u00ed un reasfaltado en ciertas calles, mejoramiento de algunas v\u00edas. Pero d\u00f3nde est\u00e1 la planificaci\u00f3n a largo plazo de una ciudad como Quito (&#8230;)\u201d.<\/p>\n<p style=\"text-align: justify;\">En lo institucional, afirm\u00f3 que ve con \u201cmucha pena los conflictos del Concejo y el Alcalde (&#8230;)\u201d y que \u201cda la sensaci\u00f3n de que al Alcalde se le ha ido de las manos la ciudad\u201d.<\/p>\n<p style=\"text-align: justify;\">Mientras tanto, Moncayo aconsej\u00f3 a Rodas: \u201cSi el alcalde est\u00e1 pensando (todo el tiempo) en ser presidente, entonces no va a ser un buen alcalde. El alcalde tiene que dedicarle 24 horas al d\u00eda a la ciudad\u201d.<\/p>\n<p style=\"text-align: justify;\">Roque Sevilla, quien tambi\u00e9n ocup\u00f3 el gobierno de la ciudad (en reemplazo de Jamil Mahuad), coincidi\u00f3 con el criterio.<\/p>\n<p style=\"text-align: justify;\">\u201cEl consejo que le doy, habiendo sido (Rodas) candidato presidencial y teniendo proyecciones pol\u00edticas a largo plazo: deje de lado esas proyecciones y las asesor\u00edas que recibe de las personas que le impulsan a verse m\u00e1s como futuro presidente que como actual alcalde (&#8230;)\u201d, opin\u00f3 el ex-dem\u00f3crata popular, quien asegur\u00f3 que le ha dicho eso a Rodas personalmente.<\/p>\n<p style=\"text-align: justify;\">Sobre la accidentada relaci\u00f3n del Alcalde con el Concejo Metropolitano, Sevilla opin\u00f3 que nace \u201cen la estructura misma de la alianza Suma-Vive (que llev\u00f3 a la Alcald\u00eda a Rodas). La alianza que se conform\u00f3 era fr\u00e1gil, con un grupo que me parece que no estaba suficientemente estructurado\u201d.<\/p>\n<p style=\"text-align: justify;\">Ajeno a ello, en su programa radial de los mi\u00e9rcoles, Rodas habl\u00f3 de la recolecci\u00f3n mecanizada de basura, el sistema de alerta temprana instalado en Los Chillos y augur\u00f3 una firma del contrato del Metro, sin especificar una fecha.<\/p>\n","protected":false},"excerpt":{"rendered":"<p>Francisco Rosales, exministro y editorialista del desaparecido diario Hoy, afirm\u00f3 que el primer paso para que el alcalde quite\u00f1o, Mauricio<\/p>\n","protected":false},"author":1,"featured_media":0,"comment_status":"open","ping_status":"open","sticky":false,"template":"","format":"standard","meta":{"footnotes":""},"categories":[14],"tags":[],"_links":{"self":[{"href":"https:\/\/www.ecuadoraldia.com.ec\/index.php?rest_route=\/wp\/v2\/posts\/10673"}],"collection":[{"href":"https:\/\/www.ecuadoraldia.com.ec\/index.php?rest_route=\/wp\/v2\/posts"}],"about":[{"href":"https:\/\/www.ecuadoraldia.com.ec\/index.php?rest_route=\/wp\/v2\/types\/post"}],"author":[{"embeddable":true,"href":"https:\/\/www.ecuadoraldia.com.ec\/index.php?rest_route=\/wp\/v2\/users\/1"}],"replies":[{"embeddable":true,"href":"https:\/\/www.ecuadoraldia.com.ec\/index.php?rest_route=%2Fwp%2Fv2%2Fcomments&post=10673"}],"version-history":[{"count":1,"href":"https:\/\/www.ecuadoraldia.com.ec\/index.php?rest_route=\/wp\/v2\/posts\/10673\/revisions"}],"predecessor-version":[{"id":10675,"href":"https:\/\/www.ecuadoraldia.com.ec\/index.php?rest_route=\/wp\/v2\/posts\/10673\/revisions\/10675"}],"wp:attachment":[{"href":"https:\/\/www.ecuadoraldia.com.ec\/index.php?rest_route=%2Fwp%2Fv2%2Fmedia&parent=10673"}],"wp:term":[{"taxonomy":"category","embeddable":true,"href":"https:\/\/www.ecuadoraldia.com.ec\/index.php?rest_route=%2Fwp%2Fv2%2Fcategories&post=10673"},{"taxonomy":"post_tag","embeddable":true,"href":"https:\/\/www.ecuadoraldia.com.ec\/index.php?rest_route=%2Fwp%2Fv2%2Ftags&post=10673"}],"curies":[{"name":"wp","href":"https:\/\/api.w.org\/{rel}","templated":true}]}}