{"id":10676,"date":"2015-10-05T12:16:22","date_gmt":"2015-10-05T12:16:22","guid":{"rendered":"http:\/\/www.ecuadoraldia.com.ec\/?p=10676"},"modified":"2015-10-05T12:22:23","modified_gmt":"2015-10-05T12:22:23","slug":"a-quirola-aun-le-queda-el-recurso-de-casacion","status":"publish","type":"post","link":"https:\/\/www.ecuadoraldia.com.ec\/?p=10676","title":{"rendered":"A Quirola a\u00fan le queda el recurso de casaci\u00f3n"},"content":{"rendered":"<p style=\"text-align: justify;\"><a href=\"http:\/\/www.ecuadoraldia.com.ec\/wp-content\/uploads\/2015\/10\/Quirola.jpg\"><img loading=\"lazy\" decoding=\"async\" class=\"alignleft size-medium wp-image-10685\" src=\"http:\/\/www.ecuadoraldia.com.ec\/wp-content\/uploads\/2015\/10\/Quirola-300x252.jpg\" alt=\"Quirola\" width=\"300\" height=\"252\" srcset=\"https:\/\/www.ecuadoraldia.com.ec\/wp-content\/uploads\/2015\/10\/Quirola-300x252.jpg 300w, https:\/\/www.ecuadoraldia.com.ec\/wp-content\/uploads\/2015\/10\/Quirola.jpg 397w\" sizes=\"(max-width: 300px) 100vw, 300px\" \/><\/a>El Prefecto orense cree que el proceso es pol\u00edtico. \u201cEst\u00e1n atentando contra mi designaci\u00f3n de elecci\u00f3n popular. Vamos a hacer la debida apelaci\u00f3n, porque esto no lo vamos a permitir\u201d, afirm\u00f3 el prefecto de El Oro, Esteban Quirola, a quien la semana pasada\u00a0se le ratific\u00f3 la sentencia por presunta agresi\u00f3n f\u00edsica al abogado Sim\u00f3n Fern\u00e1ndez.<\/p>\n<p style=\"text-align: justify;\">El titular de la Prefectura deber\u00e1 cumplir 10 d\u00edas de c\u00e1rcel, pagar $ 354 de multa y $ 1.050 a la v\u00edctima. Adem\u00e1s, 180 d\u00edas de trabajo comunitario. A Quirola a\u00fan le queda el recurso de casaci\u00f3n (anulaci\u00f3n), en el que la Corte Nacional de Justicia con sede en Quito decidir\u00e1 si se mantiene la sentencia o se absuelve al denunciado.<\/p>\n<p style=\"text-align: justify;\">Expertos en derecho de Machala, como el exalcalde Harry \u00c1lvarez afirman que el Prefecto de El Oro, \u201cest\u00e1 en una situaci\u00f3n delicada, en el \u00e1mbito administrativo y pol\u00edtico\u201d.<\/p>\n<p style=\"text-align: justify;\">\u201cLo que aqu\u00ed puede ocurrir es que Quirola, pida una aclaraci\u00f3n a la sentencia o podr\u00eda tambi\u00e9n presentar un recurso de casaci\u00f3n, con lo cual el juicio ir\u00eda a la ciudad de Quito. Pero en todo caso, el antecedente est\u00e1 dado debido a que hay 2 sentencias en contra del funcionario\u201d, explic\u00f3.<\/p>\n<p style=\"text-align: justify;\">Joselito Romero, presidente de la Corte Provincial, dijo que si la parte afectada no est\u00e1 de acuerdo con la sentencia tiene todo el derecho de interponer aquellos recursos que le franquea la Constituci\u00f3n.<\/p>\n<p style=\"text-align: justify;\">Afirm\u00f3 que la Corte de Justicia jam\u00e1s acepta presiones. \u201cLo que nosotros hacemos es administrar justicia apegados al derecho. Si los casos pasan a la historia (\u2026) si es el primer prefecto destituido o es el primer presidente destituido, eso no nos interesa, simplemente se ha puesto un caso en la funci\u00f3n judicial y ese caso ha sido resuelto, en primera y segunda instancia\u201d, dijo.<\/p>\n<p style=\"text-align: justify;\">El denunciante, Sim\u00f3n Fern\u00e1ndez, dijo sentirse satisfecho y tener una confianza plena en la justicia. \u201cNo busqu\u00e9 nunca que el Prefecto sea destituido, ni siquiera pens\u00e9 eso, solo quise que pague por la agresi\u00f3n que me hizo\u201d, coment\u00f3.<\/p>\n<p style=\"text-align: justify;\">La supuesta agresi\u00f3n sucedi\u00f3 el pasado mes de noviembre de 2014, en una cancha de f\u00fatbol. (I)<\/p>\n","protected":false},"excerpt":{"rendered":"<p>El Prefecto orense cree que el proceso es pol\u00edtico. \u201cEst\u00e1n atentando contra mi designaci\u00f3n de elecci\u00f3n popular. Vamos a hacer<\/p>\n","protected":false},"author":1,"featured_media":0,"comment_status":"open","ping_status":"open","sticky":false,"template":"","format":"standard","meta":{"footnotes":""},"categories":[5],"tags":[],"_links":{"self":[{"href":"https:\/\/www.ecuadoraldia.com.ec\/index.php?rest_route=\/wp\/v2\/posts\/10676"}],"collection":[{"href":"https:\/\/www.ecuadoraldia.com.ec\/index.php?rest_route=\/wp\/v2\/posts"}],"about":[{"href":"https:\/\/www.ecuadoraldia.com.ec\/index.php?rest_route=\/wp\/v2\/types\/post"}],"author":[{"embeddable":true,"href":"https:\/\/www.ecuadoraldia.com.ec\/index.php?rest_route=\/wp\/v2\/users\/1"}],"replies":[{"embeddable":true,"href":"https:\/\/www.ecuadoraldia.com.ec\/index.php?rest_route=%2Fwp%2Fv2%2Fcomments&post=10676"}],"version-history":[{"count":2,"href":"https:\/\/www.ecuadoraldia.com.ec\/index.php?rest_route=\/wp\/v2\/posts\/10676\/revisions"}],"predecessor-version":[{"id":10686,"href":"https:\/\/www.ecuadoraldia.com.ec\/index.php?rest_route=\/wp\/v2\/posts\/10676\/revisions\/10686"}],"wp:attachment":[{"href":"https:\/\/www.ecuadoraldia.com.ec\/index.php?rest_route=%2Fwp%2Fv2%2Fmedia&parent=10676"}],"wp:term":[{"taxonomy":"category","embeddable":true,"href":"https:\/\/www.ecuadoraldia.com.ec\/index.php?rest_route=%2Fwp%2Fv2%2Fcategories&post=10676"},{"taxonomy":"post_tag","embeddable":true,"href":"https:\/\/www.ecuadoraldia.com.ec\/index.php?rest_route=%2Fwp%2Fv2%2Ftags&post=10676"}],"curies":[{"name":"wp","href":"https:\/\/api.w.org\/{rel}","templated":true}]}}