{"id":10682,"date":"2015-10-05T12:19:32","date_gmt":"2015-10-05T12:19:32","guid":{"rendered":"http:\/\/www.ecuadoraldia.com.ec\/?p=10682"},"modified":"2015-10-05T12:19:32","modified_gmt":"2015-10-05T12:19:32","slug":"el-volcan-cotopaxi-registro-leves-emisiones-de-vapor-y-gases","status":"publish","type":"post","link":"https:\/\/www.ecuadoraldia.com.ec\/?p=10682","title":{"rendered":"El volc\u00e1n Cotopaxi registr\u00f3 leves emisiones de vapor y gases"},"content":{"rendered":"<figure id=\"attachment_10683\" aria-describedby=\"caption-attachment-10683\" style=\"width: 300px\" class=\"wp-caption alignleft\"><a href=\"http:\/\/www.ecuadoraldia.com.ec\/wp-content\/uploads\/2015\/10\/cotopaxi-desde-arriba.jpg\"><img loading=\"lazy\" decoding=\"async\" class=\"size-medium wp-image-10683\" src=\"http:\/\/www.ecuadoraldia.com.ec\/wp-content\/uploads\/2015\/10\/cotopaxi-desde-arriba-300x225.jpg\" alt=\"Foto Patricio Realpe\" width=\"300\" height=\"225\" srcset=\"https:\/\/www.ecuadoraldia.com.ec\/wp-content\/uploads\/2015\/10\/cotopaxi-desde-arriba-300x225.jpg 300w, https:\/\/www.ecuadoraldia.com.ec\/wp-content\/uploads\/2015\/10\/cotopaxi-desde-arriba.jpg 480w\" sizes=\"(max-width: 300px) 100vw, 300px\" \/><\/a><figcaption id=\"caption-attachment-10683\" class=\"wp-caption-text\">Foto Patricio Realpe<\/figcaption><\/figure>\n<p style=\"text-align: justify;\">Quito (Pichincha).- Seg\u00fan el \u00faltimo informe del Instituto Geof\u00edsico de la Escuela Polit\u00e9cnica Nacional se\u00f1ala que en las \u00faltimas 12 horas el volc\u00e1n Cotopaxi contin\u00faa con una actividad interna moderada y la superficial baja.<\/p>\n<p style=\"text-align: justify;\">De acuerdo al bolet\u00edn 101, durante la noche de ayer se observaron leves emisiones de vapor y gases, con alturas menores a 100 metros sobre el nivel del cr\u00e1ter.<\/p>\n<p style=\"text-align: justify;\">La sismicidad muestra movimientos de magma y fluidos en el interior del volc\u00e1n; sin embargo, muestra un leve decremento o disminuci\u00f3n en la cantidad de sismos.<\/p>\n<p style=\"text-align: justify;\">El informe detall\u00f3 adem\u00e1s varias recomendaciones ante la ca\u00edda de ceniza. si permanece expuesto por alg\u00fan tiempo al polvo volc\u00e1nico, antes de ingresar a su domicilio u oficina se recomienda cambiar de ropa.<\/p>\n<p style=\"text-align: justify;\">Para mayor informaci\u00f3n ingrese a www.volcancotopaxi.com, adem\u00e1s de los canales oficiales del Ministerio Coordinador de Seguridad, en su cuenta de Twitter y el Instituto Geof\u00edsico. \/MCS \u2013<\/p>\n","protected":false},"excerpt":{"rendered":"<p>Quito (Pichincha).- Seg\u00fan el \u00faltimo informe del Instituto Geof\u00edsico de la Escuela Polit\u00e9cnica Nacional se\u00f1ala que en las \u00faltimas 12<\/p>\n","protected":false},"author":1,"featured_media":0,"comment_status":"open","ping_status":"open","sticky":false,"template":"","format":"standard","meta":{"footnotes":""},"categories":[1],"tags":[],"_links":{"self":[{"href":"https:\/\/www.ecuadoraldia.com.ec\/index.php?rest_route=\/wp\/v2\/posts\/10682"}],"collection":[{"href":"https:\/\/www.ecuadoraldia.com.ec\/index.php?rest_route=\/wp\/v2\/posts"}],"about":[{"href":"https:\/\/www.ecuadoraldia.com.ec\/index.php?rest_route=\/wp\/v2\/types\/post"}],"author":[{"embeddable":true,"href":"https:\/\/www.ecuadoraldia.com.ec\/index.php?rest_route=\/wp\/v2\/users\/1"}],"replies":[{"embeddable":true,"href":"https:\/\/www.ecuadoraldia.com.ec\/index.php?rest_route=%2Fwp%2Fv2%2Fcomments&post=10682"}],"version-history":[{"count":1,"href":"https:\/\/www.ecuadoraldia.com.ec\/index.php?rest_route=\/wp\/v2\/posts\/10682\/revisions"}],"predecessor-version":[{"id":10684,"href":"https:\/\/www.ecuadoraldia.com.ec\/index.php?rest_route=\/wp\/v2\/posts\/10682\/revisions\/10684"}],"wp:attachment":[{"href":"https:\/\/www.ecuadoraldia.com.ec\/index.php?rest_route=%2Fwp%2Fv2%2Fmedia&parent=10682"}],"wp:term":[{"taxonomy":"category","embeddable":true,"href":"https:\/\/www.ecuadoraldia.com.ec\/index.php?rest_route=%2Fwp%2Fv2%2Fcategories&post=10682"},{"taxonomy":"post_tag","embeddable":true,"href":"https:\/\/www.ecuadoraldia.com.ec\/index.php?rest_route=%2Fwp%2Fv2%2Ftags&post=10682"}],"curies":[{"name":"wp","href":"https:\/\/api.w.org\/{rel}","templated":true}]}}