{"id":10687,"date":"2015-10-05T17:32:34","date_gmt":"2015-10-05T17:32:34","guid":{"rendered":"http:\/\/www.ecuadoraldia.com.ec\/?p=10687"},"modified":"2015-10-05T17:32:34","modified_gmt":"2015-10-05T17:32:34","slug":"fallecio-don-edison-vargas-la-voz-de-tventas-y-de-radio-quito","status":"publish","type":"post","link":"https:\/\/www.ecuadoraldia.com.ec\/?p=10687","title":{"rendered":"Falleci\u00f3 Don \u00c9dison Vargas, la voz de Tventas y de Radio Quito"},"content":{"rendered":"<p style=\"text-align: justify;\"><a href=\"http:\/\/www.ecuadoraldia.com.ec\/wp-content\/uploads\/2015\/10\/edison-vargas.jpeg\"><img loading=\"lazy\" decoding=\"async\" class=\"alignleft size-medium wp-image-10688\" src=\"http:\/\/www.ecuadoraldia.com.ec\/wp-content\/uploads\/2015\/10\/edison-vargas-300x167.jpeg\" alt=\"edison vargas\" width=\"300\" height=\"167\" srcset=\"https:\/\/www.ecuadoraldia.com.ec\/wp-content\/uploads\/2015\/10\/edison-vargas-300x167.jpeg 300w, https:\/\/www.ecuadoraldia.com.ec\/wp-content\/uploads\/2015\/10\/edison-vargas.jpeg 612w\" sizes=\"(max-width: 300px) 100vw, 300px\" \/><\/a>Con 75 a\u00f1os, \u00c9dison Vargas Acosta, conocido radiodifusor falleci\u00f3 la tarde de ayer domingo 4 de octubre. En el mundo de la radio llevaba 37 a\u00f1os, fue una de las voces importantes de Radio Quito.<\/p>\n<p style=\"text-align: justify;\">Y en noviembre pr\u00f3ximo estaba por cumplir 28 a\u00f1os como parte del equipo de Tventas. En ese espacio se hizo muy conocido por su forma de promocionar los productos, un estilo juguet\u00f3n con el recordado \u201cPrecio bomba\u201d, que pon\u00eda a la gente a marcar el tel\u00e9fono y comprar.<\/p>\n<p style=\"text-align: justify;\">\n<p style=\"text-align: justify;\">Vargas, era oriundo de la provincia de Imbabura. Sus hermanos, Marco, Walvin y otros dar\u00e1n continuidad a mantener viva la ronca VOZ de los Vargas. Una voz se apag\u00f3, pero la vida sigue.<\/p>\n<p style=\"text-align: justify;\">En las redes sociales, algunos de sus compa\u00f1eros de trabajo en Tventas lamentaron su partida. \u201cHoy Ecuador pierde a su mejor voz. Hasta siempre querido Don \u00c9dison. Gracias por su amistad durante 13 a\u00f1os\u201d, escribi\u00f3 Esteban Verdesoto. EL COMERCIO y Ecuadoraldia.com.ec<\/p>\n","protected":false},"excerpt":{"rendered":"<p>Con 75 a\u00f1os, \u00c9dison Vargas Acosta, conocido radiodifusor falleci\u00f3 la tarde de ayer domingo 4 de octubre. En el mundo<\/p>\n","protected":false},"author":1,"featured_media":0,"comment_status":"open","ping_status":"open","sticky":false,"template":"","format":"standard","meta":{"footnotes":""},"categories":[1],"tags":[],"_links":{"self":[{"href":"https:\/\/www.ecuadoraldia.com.ec\/index.php?rest_route=\/wp\/v2\/posts\/10687"}],"collection":[{"href":"https:\/\/www.ecuadoraldia.com.ec\/index.php?rest_route=\/wp\/v2\/posts"}],"about":[{"href":"https:\/\/www.ecuadoraldia.com.ec\/index.php?rest_route=\/wp\/v2\/types\/post"}],"author":[{"embeddable":true,"href":"https:\/\/www.ecuadoraldia.com.ec\/index.php?rest_route=\/wp\/v2\/users\/1"}],"replies":[{"embeddable":true,"href":"https:\/\/www.ecuadoraldia.com.ec\/index.php?rest_route=%2Fwp%2Fv2%2Fcomments&post=10687"}],"version-history":[{"count":1,"href":"https:\/\/www.ecuadoraldia.com.ec\/index.php?rest_route=\/wp\/v2\/posts\/10687\/revisions"}],"predecessor-version":[{"id":10689,"href":"https:\/\/www.ecuadoraldia.com.ec\/index.php?rest_route=\/wp\/v2\/posts\/10687\/revisions\/10689"}],"wp:attachment":[{"href":"https:\/\/www.ecuadoraldia.com.ec\/index.php?rest_route=%2Fwp%2Fv2%2Fmedia&parent=10687"}],"wp:term":[{"taxonomy":"category","embeddable":true,"href":"https:\/\/www.ecuadoraldia.com.ec\/index.php?rest_route=%2Fwp%2Fv2%2Fcategories&post=10687"},{"taxonomy":"post_tag","embeddable":true,"href":"https:\/\/www.ecuadoraldia.com.ec\/index.php?rest_route=%2Fwp%2Fv2%2Ftags&post=10687"}],"curies":[{"name":"wp","href":"https:\/\/api.w.org\/{rel}","templated":true}]}}