{"id":10690,"date":"2015-10-06T21:59:29","date_gmt":"2015-10-06T21:59:29","guid":{"rendered":"http:\/\/www.ecuadoraldia.com.ec\/?p=10690"},"modified":"2015-10-06T21:59:29","modified_gmt":"2015-10-06T21:59:29","slug":"policias-listos-para-operativo-durante-el-feriado","status":"publish","type":"post","link":"https:\/\/www.ecuadoraldia.com.ec\/?p=10690","title":{"rendered":"Polic\u00edas listos para  operativo durante el feriado"},"content":{"rendered":"<p><a href=\"http:\/\/www.ecuadoraldia.com.ec\/wp-content\/uploads\/2015\/10\/CONTROL-FERIADO.jpg\"><img loading=\"lazy\" decoding=\"async\" class=\"alignleft size-medium wp-image-10691\" src=\"http:\/\/www.ecuadoraldia.com.ec\/wp-content\/uploads\/2015\/10\/CONTROL-FERIADO-300x142.jpg\" alt=\"CONTROL FERIADO\" width=\"300\" height=\"142\" srcset=\"https:\/\/www.ecuadoraldia.com.ec\/wp-content\/uploads\/2015\/10\/CONTROL-FERIADO-300x142.jpg 300w, https:\/\/www.ecuadoraldia.com.ec\/wp-content\/uploads\/2015\/10\/CONTROL-FERIADO.jpg 635w\" sizes=\"(max-width: 300px) 100vw, 300px\" \/><\/a>Los 44.827 agentes de la Polic\u00eda Nacional participar\u00e1n en el operativo de seguridad por el feriado nacional de este 9 de Octubre, fecha en la que se celebra la Independencia de Guayaquil.<\/p>\n<p>As\u00ed lo inform\u00f3 Diego Fuentes, viceministro de Seguridad Interna, durante una rueda de prensa ejecutada esta ma\u00f1ana en la urbe porte\u00f1a.<\/p>\n<p>El funcionario detall\u00f3 que los puntos donde habr\u00e1 mayor control ser\u00e1n las terminales a\u00e9reas y terrestres, carreteras y agencias bancarias. As\u00ed mismo los lugares tur\u00edsticos, incluidos los balnearios y playas; centros comerciales, parques, y las plazas donde se realicen espect\u00e1culos. Tambi\u00e9n en lugares donde se realizan venta informal de productos y los centros de los privados de libertad. Para estos sitios, los uniformados ser\u00e1n distribuidos en 1.326 patrulleros y 1.590 motos.<\/p>\n<p>Fuentes le record\u00f3 a las personas que viajar\u00e1n que pueden acogerse al plan &#8216;Encargo de domicilio&#8217; que consiste en registrar sus datos en la Unidad de Polic\u00eda Comunitaria (UPC) m\u00e1s cercana para que los gendarmes cuiden su domicilio.<\/p>\n<p>Tanya Varela, comandante de la Zona 8 de Polic\u00eda, que comprende los cantones Guayaquil, Dur\u00e1n y Samborond\u00f3n, inst\u00f3 a la ciudadan\u00eda a no consumir bebidas alcoh\u00f3licas, ya que esta es una de las principales causas de violencia, y por ende de los delitos.<\/p>\n<p>Alexis Eskandani, subdirector ejecutivo de la Agencia Nacional de Tr\u00e1nsito (ANT), detall\u00f3 que se reforzar\u00e1n los controles para que no haya anomal\u00edas en el cobro de los pasajes de buses, sobre todo para garantizar el cumplimiento de las tarifas diferenciadas para personas de la tercera edad, estudiantes o con capacidades especiales. \u00ab600 brigadistas de la ANT se sumar\u00e1n a la vigilancia que inicia el jueves 8 de octubre en las terminales y ejes viales y termina a la medianoche del domingo. Los controles en los ejes viales se llevar\u00e1n a cabo con 1.647 polic\u00edas, 2.615 uniformados de la Comisi\u00f3n de Tr\u00e1nsito y 3.648 agentes de los Gobiernos Aut\u00f3nomos Descentralizados (GAD) que hayan asumido las competencias en materia de tr\u00e1nsito\u00bb, precis\u00f3. (I)<\/p>\n","protected":false},"excerpt":{"rendered":"<p>Los 44.827 agentes de la Polic\u00eda Nacional participar\u00e1n en el operativo de seguridad por el feriado nacional de este 9<\/p>\n","protected":false},"author":1,"featured_media":0,"comment_status":"open","ping_status":"open","sticky":false,"template":"","format":"standard","meta":{"footnotes":""},"categories":[20,1],"tags":[],"_links":{"self":[{"href":"https:\/\/www.ecuadoraldia.com.ec\/index.php?rest_route=\/wp\/v2\/posts\/10690"}],"collection":[{"href":"https:\/\/www.ecuadoraldia.com.ec\/index.php?rest_route=\/wp\/v2\/posts"}],"about":[{"href":"https:\/\/www.ecuadoraldia.com.ec\/index.php?rest_route=\/wp\/v2\/types\/post"}],"author":[{"embeddable":true,"href":"https:\/\/www.ecuadoraldia.com.ec\/index.php?rest_route=\/wp\/v2\/users\/1"}],"replies":[{"embeddable":true,"href":"https:\/\/www.ecuadoraldia.com.ec\/index.php?rest_route=%2Fwp%2Fv2%2Fcomments&post=10690"}],"version-history":[{"count":1,"href":"https:\/\/www.ecuadoraldia.com.ec\/index.php?rest_route=\/wp\/v2\/posts\/10690\/revisions"}],"predecessor-version":[{"id":10692,"href":"https:\/\/www.ecuadoraldia.com.ec\/index.php?rest_route=\/wp\/v2\/posts\/10690\/revisions\/10692"}],"wp:attachment":[{"href":"https:\/\/www.ecuadoraldia.com.ec\/index.php?rest_route=%2Fwp%2Fv2%2Fmedia&parent=10690"}],"wp:term":[{"taxonomy":"category","embeddable":true,"href":"https:\/\/www.ecuadoraldia.com.ec\/index.php?rest_route=%2Fwp%2Fv2%2Fcategories&post=10690"},{"taxonomy":"post_tag","embeddable":true,"href":"https:\/\/www.ecuadoraldia.com.ec\/index.php?rest_route=%2Fwp%2Fv2%2Ftags&post=10690"}],"curies":[{"name":"wp","href":"https:\/\/api.w.org\/{rel}","templated":true}]}}