{"id":10923,"date":"2015-10-29T18:04:51","date_gmt":"2015-10-29T18:04:51","guid":{"rendered":"http:\/\/www.ecuadoraldia.com.ec\/?p=10923"},"modified":"2015-10-29T18:04:51","modified_gmt":"2015-10-29T18:04:51","slug":"lula-es-favorito-para-suceder-a-dilma-en-2018","status":"publish","type":"post","link":"https:\/\/www.ecuadoraldia.com.ec\/?p=10923","title":{"rendered":"Lula es favorito para suceder a Dilma en 2018"},"content":{"rendered":"<p style=\"text-align: justify;\"><a href=\"http:\/\/www.ecuadoraldia.com.ec\/wp-content\/uploads\/2015\/10\/29-10-15-lula.jpg\"><img loading=\"lazy\" decoding=\"async\" class=\"alignleft size-full wp-image-10924\" src=\"http:\/\/www.ecuadoraldia.com.ec\/wp-content\/uploads\/2015\/10\/29-10-15-lula.jpg\" alt=\"BRAZIL-POLITICS-LULA DA SILVA-70TH ANNIVERSARY\" width=\"296\" height=\"224\" \/><\/a>AFP. El expresidente brasile\u00f1o Luiz In\u00e1cio Lula da Silva deber\u00e1 enfrentar a partir de ahora una ofensiva judicial y pol\u00edtica por parte de los sectores opositores y conservadores debido a que es el favorito, seg\u00fan las encuestas, a ganar las elecciones de 2018.<\/p>\n<p style=\"text-align: justify;\">Los medios opositores, que dominan la agenda pol\u00edtica del pa\u00eds, destacaron que el rechazo a votar a Lula creci\u00f3 del 33% al 55% actual, pero omitieron destacar que el exmetal\u00fargico y expresidente entre 2003 y 2010 lidera la carrera a la presidencia para suceder a la actual mandataria, Dilma Rousseff.<\/p>\n<p style=\"text-align: justify;\">Lula, que el martes cumpli\u00f3 70 a\u00f1os, aparece en un escenario ap\u00e1tico para todos los pol\u00edticos. Lidera la carrera presidencial con el 23%, de acuerdo a la encuesta de Ibope para el diario O Estado de Sao Paulo. El segundo es Aecio Neves, candidato presidencial opositor derrotado el a\u00f1o pasado por Rousseff, del Partido de la Social Democracia Brasile\u00f1a (PSDB), con 15%.<\/p>\n<p style=\"text-align: justify;\">Neves exhibe su desgaste frente al 48% obtenido en la segunda vuelta del 26 de octubre del a\u00f1o pasado a ra\u00edz de que primero denunci\u00f3 un fraude que su propio partido descart\u00f3 y, luego, se ali\u00f3 a la derecha del presidente de la C\u00e1mara de Diputados, Eduardo Cunha, para reclamar el juicio pol\u00edtico contra Rousseff.<\/p>\n<p style=\"text-align: justify;\">DATOS<\/p>\n<p style=\"text-align: justify;\">El estudio realizado por la firma MDA a pedido de la Confederaci\u00f3n Nacional de Transporte (CNT) mostr\u00f3 que, tras varias semanas de tensi\u00f3n pol\u00edtica por la amenaza de un juicio pol\u00edtico, el gobierno de Dilma Rousseff registra una reprobaci\u00f3n de 70%, mientras que el 20,4% considera que la gesti\u00f3n es regular y el restante 0,8% no contest\u00f3.<\/p>\n<p style=\"text-align: justify;\">La encuesta revel\u00f3 asimismo que 80,6% considera que la presidenta no ha podido lidiar con la recesi\u00f3n econ\u00f3mica que inici\u00f3 este trimestre.<\/p>\n<p style=\"text-align: justify;\">La econom\u00eda brasile\u00f1a atraviesa un a\u00f1o cr\u00edtico que proyecta extenderse al 2016. La inflaci\u00f3n medida a 12 meses fue de 9,49% en septiembre, el desempleo se mantiene en 7,6% y el real se ha depreciado cerca de 30% ante el d\u00f3lar.Entre los presidenciables, en tercer puesto aparece la ambientalista Marina Silva, con 11%, el senador Jos\u00e9 Serra, con el 8% y el gobernador de Sao Paulo, Geraldo Alckmin, del PSDB, con 7%. Este \u00faltimo es visto como el principal candidato opositor para 2018 dentro de su partido.<\/p>\n<p style=\"text-align: justify;\">Pero el rechazo exhibido a la imagen de Lula, seg\u00fan la encuesta realizada por Ibope, se replica en todos los pol\u00edticos. El desprecio a Neves, por ejemplo, creci\u00f3 del 42% al 47%. Alckmin tiene un rechazo del 52% y Serra del 54%.<\/p>\n<p style=\"text-align: justify;\">Pero adem\u00e1s de la encuesta, Lula enfrenta en las calles una campa\u00f1a de la extrema derecha y de sectores claramente opositores al Partido de los Trabajadores (PT), que incluye a la polic\u00eda federal y el Ministerio P\u00fablico.<\/p>\n<p>La venta de mu\u00f1ecos por parte de empresarios opositores con la imagen de Lula vestido de presidiario gan\u00f3 las tapas de varios medios opositores. Sobre todo porque esos mu\u00f1ecos inflables son usados en manifestaciones que no congregan a m\u00e1s de 100 personas en los \u00faltimos d\u00edas.<\/p>\n<p>La empresa de marketing deportivo de uno de los hijos de Lula fue allanada el lunes pasado por la polic\u00eda federal, por una orden judicial en el marco de una operaci\u00f3n que investiga a empresas y bancos por haber pagado sobornos a agentes del ente recaudador de impuestos para perdonar deudas millonarias. \u201cEs una operaci\u00f3n pol\u00edtico-medi\u00e1tica para alcanzar a Lula\u201d, denunci\u00f3 Paulo Pimenta, diputado del PT. El caso vincula a uno de los deudores con la empresa de uno de los hijos del expresidente y llam\u00f3 la atenci\u00f3n hasta de los m\u00e1s agudos analistas pol\u00edticos.<\/p>\n<p>La cadena Globo, a trav\u00e9s de su socia RBS, que domina el sur de Brasil desde Porto Alegre, es uno de los principales sospechosos de este megaesc\u00e1ndalo llamado Operaci\u00f3n Zelotes. El perjuicio al Estado ser\u00eda varias veces m\u00e1s importante que la corrupci\u00f3n denunciada en la estatal petrolera Petrobras.<\/p>\n","protected":false},"excerpt":{"rendered":"<p>AFP. El expresidente brasile\u00f1o Luiz In\u00e1cio Lula da Silva deber\u00e1 enfrentar a partir de ahora una ofensiva judicial y pol\u00edtica<\/p>\n","protected":false},"author":1,"featured_media":0,"comment_status":"open","ping_status":"open","sticky":false,"template":"","format":"standard","meta":{"footnotes":""},"categories":[7],"tags":[],"_links":{"self":[{"href":"https:\/\/www.ecuadoraldia.com.ec\/index.php?rest_route=\/wp\/v2\/posts\/10923"}],"collection":[{"href":"https:\/\/www.ecuadoraldia.com.ec\/index.php?rest_route=\/wp\/v2\/posts"}],"about":[{"href":"https:\/\/www.ecuadoraldia.com.ec\/index.php?rest_route=\/wp\/v2\/types\/post"}],"author":[{"embeddable":true,"href":"https:\/\/www.ecuadoraldia.com.ec\/index.php?rest_route=\/wp\/v2\/users\/1"}],"replies":[{"embeddable":true,"href":"https:\/\/www.ecuadoraldia.com.ec\/index.php?rest_route=%2Fwp%2Fv2%2Fcomments&post=10923"}],"version-history":[{"count":1,"href":"https:\/\/www.ecuadoraldia.com.ec\/index.php?rest_route=\/wp\/v2\/posts\/10923\/revisions"}],"predecessor-version":[{"id":10925,"href":"https:\/\/www.ecuadoraldia.com.ec\/index.php?rest_route=\/wp\/v2\/posts\/10923\/revisions\/10925"}],"wp:attachment":[{"href":"https:\/\/www.ecuadoraldia.com.ec\/index.php?rest_route=%2Fwp%2Fv2%2Fmedia&parent=10923"}],"wp:term":[{"taxonomy":"category","embeddable":true,"href":"https:\/\/www.ecuadoraldia.com.ec\/index.php?rest_route=%2Fwp%2Fv2%2Fcategories&post=10923"},{"taxonomy":"post_tag","embeddable":true,"href":"https:\/\/www.ecuadoraldia.com.ec\/index.php?rest_route=%2Fwp%2Fv2%2Ftags&post=10923"}],"curies":[{"name":"wp","href":"https:\/\/api.w.org\/{rel}","templated":true}]}}