{"id":10929,"date":"2015-10-30T23:52:02","date_gmt":"2015-10-30T23:52:02","guid":{"rendered":"http:\/\/www.ecuadoraldia.com.ec\/?p=10929"},"modified":"2015-10-30T23:52:02","modified_gmt":"2015-10-30T23:52:02","slug":"el-poder-de-la-palabra-seguira-solo-via-online","status":"publish","type":"post","link":"https:\/\/www.ecuadoraldia.com.ec\/?p=10929","title":{"rendered":"&#8216;El Poder de la Palabra&#8217; seguir\u00e1 solo v\u00eda online"},"content":{"rendered":"<figure id=\"attachment_10930\" aria-describedby=\"caption-attachment-10930\" style=\"width: 300px\" class=\"wp-caption alignleft\"><a href=\"http:\/\/www.ecuadoraldia.com.ec\/wp-content\/uploads\/2015\/10\/Poder-de-la-palabra.jpg\"><img loading=\"lazy\" decoding=\"async\" class=\"size-medium wp-image-10930\" src=\"http:\/\/www.ecuadoraldia.com.ec\/wp-content\/uploads\/2015\/10\/Poder-de-la-palabra-300x152.jpg\" alt=\"Ecuadorinmediato Radio con su programa El Poder de la Palabra, dirigido por el periodista Francisco Herrera Ara\u00faz, tambi\u00e9n saldr\u00e1 del aire con el cierre de la Radiodifusora Tarqui.\" width=\"300\" height=\"152\" srcset=\"https:\/\/www.ecuadoraldia.com.ec\/wp-content\/uploads\/2015\/10\/Poder-de-la-palabra-300x152.jpg 300w, https:\/\/www.ecuadoraldia.com.ec\/wp-content\/uploads\/2015\/10\/Poder-de-la-palabra.jpg 362w\" sizes=\"(max-width: 300px) 100vw, 300px\" \/><\/a><figcaption id=\"caption-attachment-10930\" class=\"wp-caption-text\">Ecuadorinmediato Radio con su programa El Poder de la Palabra, dirigido por el periodista Francisco Herrera Ara\u00faz, tambi\u00e9n saldr\u00e1 del aire con el cierre de la Radiodifusora Tarqui.<\/figcaption><\/figure>\n<p style=\"text-align: justify;\">Ecuadorinmediato Radio con su programa El Poder de la Palabra, dirigido por el periodista Francisco Herrera Ara\u00faz, tambi\u00e9n saldr\u00e1 del aire con el cierre de la Radiodifusora Tarqui.<\/p>\n<p style=\"text-align: justify;\">As\u00ed lo inform\u00f3 Herrera, quien asegur\u00f3 que su trabajo continuar\u00e1 en la radio online: \u00abDespu\u00e9s de que el se\u00f1or alcalde (Mauricio Rodas) nos quit\u00f3 la salida por la radios municipales, la Radio Tarqui era nuestra se\u00f1al abierta en Quito. El programa online seguir\u00e1&#8230;\u00bb, dijo.<\/p>\n<p style=\"text-align: justify;\">Adem\u00e1s frente a una de las denuncias realizadas por el principal de Radio Tarqui, Hern\u00e1n Herdo\u00edza, sobre la falta de inversi\u00f3n por parte de entidades estatales y empresas privadas en las radios populares, Herrera coincidi\u00f3 en que el esquema de las agencias de publicidad es perjudicial, sumado al no cumplimiento de la Ley Org\u00e1nica de Comunicaci\u00f3n (LOC) que exige que se destine el 10% de la pauta publicitaria para este tipo de radiodifusoras.<\/p>\n<p style=\"text-align: justify;\">\u00abEn frecuencia AM no quieren anunciar, en FM tampoco y peor en medios alternativos como el nuestro. Hay un mont\u00f3n de medios que no tienen ingresos publicitarios. Con el cierre de Radio Tarqui la comunicaci\u00f3n popular pierde much\u00edsimo\u00bb, dijo apenado y cuestion\u00f3 que no se aplique la ley, por lo que inst\u00f3 al Consejo de Regulaci\u00f3n de la Comunicaci\u00f3n (Cordicom) a ejercer m\u00e1s control. (El telegrafo)<\/p>\n","protected":false},"excerpt":{"rendered":"<p>Ecuadorinmediato Radio con su programa El Poder de la Palabra, dirigido por el periodista Francisco Herrera Ara\u00faz, tambi\u00e9n saldr\u00e1 del<\/p>\n","protected":false},"author":1,"featured_media":0,"comment_status":"open","ping_status":"open","sticky":false,"template":"","format":"standard","meta":{"footnotes":""},"categories":[4],"tags":[],"_links":{"self":[{"href":"https:\/\/www.ecuadoraldia.com.ec\/index.php?rest_route=\/wp\/v2\/posts\/10929"}],"collection":[{"href":"https:\/\/www.ecuadoraldia.com.ec\/index.php?rest_route=\/wp\/v2\/posts"}],"about":[{"href":"https:\/\/www.ecuadoraldia.com.ec\/index.php?rest_route=\/wp\/v2\/types\/post"}],"author":[{"embeddable":true,"href":"https:\/\/www.ecuadoraldia.com.ec\/index.php?rest_route=\/wp\/v2\/users\/1"}],"replies":[{"embeddable":true,"href":"https:\/\/www.ecuadoraldia.com.ec\/index.php?rest_route=%2Fwp%2Fv2%2Fcomments&post=10929"}],"version-history":[{"count":1,"href":"https:\/\/www.ecuadoraldia.com.ec\/index.php?rest_route=\/wp\/v2\/posts\/10929\/revisions"}],"predecessor-version":[{"id":10931,"href":"https:\/\/www.ecuadoraldia.com.ec\/index.php?rest_route=\/wp\/v2\/posts\/10929\/revisions\/10931"}],"wp:attachment":[{"href":"https:\/\/www.ecuadoraldia.com.ec\/index.php?rest_route=%2Fwp%2Fv2%2Fmedia&parent=10929"}],"wp:term":[{"taxonomy":"category","embeddable":true,"href":"https:\/\/www.ecuadoraldia.com.ec\/index.php?rest_route=%2Fwp%2Fv2%2Fcategories&post=10929"},{"taxonomy":"post_tag","embeddable":true,"href":"https:\/\/www.ecuadoraldia.com.ec\/index.php?rest_route=%2Fwp%2Fv2%2Ftags&post=10929"}],"curies":[{"name":"wp","href":"https:\/\/api.w.org\/{rel}","templated":true}]}}