{"id":10951,"date":"2015-11-04T17:57:30","date_gmt":"2015-11-04T17:57:30","guid":{"rendered":"http:\/\/www.ecuadoraldia.com.ec\/?p=10951"},"modified":"2015-11-04T17:57:30","modified_gmt":"2015-11-04T17:57:30","slug":"ecuador-preve-un-presupuesto-de-29-835-millones-para-2016","status":"publish","type":"post","link":"https:\/\/www.ecuadoraldia.com.ec\/?p=10951","title":{"rendered":"Ecuador prev\u00e9 un presupuesto de $29.835 millones para 2016"},"content":{"rendered":"<p style=\"text-align: justify;\"><a href=\"http:\/\/www.ecuadoraldia.com.ec\/wp-content\/uploads\/2015\/11\/herrera-.jpg\"><img loading=\"lazy\" decoding=\"async\" class=\"alignleft size-medium wp-image-10952\" src=\"http:\/\/www.ecuadoraldia.com.ec\/wp-content\/uploads\/2015\/11\/herrera--300x253.jpg\" alt=\"herrera-\" width=\"300\" height=\"253\" srcset=\"https:\/\/www.ecuadoraldia.com.ec\/wp-content\/uploads\/2015\/11\/herrera--300x253.jpg 300w, https:\/\/www.ecuadoraldia.com.ec\/wp-content\/uploads\/2015\/11\/herrera-.jpg 343w\" sizes=\"(max-width: 300px) 100vw, 300px\" \/><\/a>Ecuador calcula que para 2016 su presupuesto estatal ser\u00e1 de 29.835 millones de d\u00f3lares y su necesidad de financiamiento de 6.600 millones, inform\u00f3 el s\u00e1bado el presidente ecuatoriano Rafael Correa.<\/p>\n<p style=\"text-align: justify;\">\u00abEn total necesitamos 29.835 millones (de d\u00f3lares) para el presupuesto general del Estado\u00bb, dijo Correa durante su programa semanal de radio y televisi\u00f3n.<\/p>\n<p style=\"text-align: justify;\">El gobernante se\u00f1al\u00f3 que el viernes envi\u00f3 al Congreso, dominado por el oficialismo, la propuesta de presupuesto para su aprobaci\u00f3n.<\/p>\n<p style=\"text-align: justify;\">En principio las autoridades hab\u00edan dicho que el presupuesto iba a ser de 29.900 millones de d\u00f3lares.<\/p>\n<p style=\"text-align: justify;\">El mandatario agreg\u00f3 que el d\u00e9ficit para el pr\u00f3ximo a\u00f1o ser\u00e1 de 2.400 millones de d\u00f3lares (2,4% del PIB), pero que a eso deben sumarse amortizaciones de deuda contra\u00edda anteriormente, lo que da como resultado la necesidad de financiamiento que tendr\u00e1 el pa\u00eds para 2016.<\/p>\n<p style=\"text-align: justify;\">\u00abLa necesidad de financiamiento para el pr\u00f3ximo a\u00f1o son 6.600 millones de d\u00f3lares, de los cuales 4.134 millones ya est\u00e1n identificados, son compromisos adquiridos con el BID, bilaterales, China, etc\u00e9tera\u00bb, explic\u00f3 Correa.<\/p>\n<p style=\"text-align: justify;\">El plan presupuestario para el 2016 tambi\u00e9n estima un crecimiento del Producto Interno Bruto (PIB) de 1% y una inflaci\u00f3n de 3,3%. El PIB nominal alcanzar\u00e1 los 102.000 millones de d\u00f3lares, seg\u00fan Correa.<\/p>\n<p style=\"text-align: justify;\">Ecuador, que enfrenta la ca\u00edda de los precios del petr\u00f3leo, calcula que el crecimiento de su PIB petrolero ser\u00e1 de 0,8%. Las autoridades consideran que el PIB no petrolero crecer\u00e1 1%.<\/p>\n<p style=\"text-align: justify;\">Asimismo, el plan establece un precio promedio del barril de petr\u00f3leo de 35 d\u00f3lares.<\/p>\n<p style=\"text-align: justify;\">Este viernes el barril de \u00ablight sweet crude\u00bb (WTI), que sirve de referencia para el petr\u00f3leo ecuatoriano, cerr\u00f3 en 46,59 d\u00f3lares.<\/p>\n<p style=\"text-align: justify;\">\u00abHemos preferido optar por un escenario negativo y hemos puesto un precio de barril de 35 d\u00f3lares\u00bb, apunt\u00f3 el gobernante. Para el presupuesto de 2015, que fue de 34.897 millones de d\u00f3lares, el gobierno estableci\u00f3 un precio promedio del barril de 79 d\u00f3lares.<\/p>\n<p style=\"text-align: justify;\">Ecuador, el miembro m\u00e1s peque\u00f1o de la Organizaci\u00f3n de Pa\u00edses Exportadores de Petr\u00f3leo (OPEP), ha hecho en los \u00faltimos a\u00f1os una millonaria inversi\u00f3n en la construcci\u00f3n de una red de hidroel\u00e9ctricas con las que espera reducir su dependencia del petr\u00f3leo y exportar energ\u00eda.<\/p>\n<p style=\"text-align: justify;\">El pa\u00eds tambi\u00e9n enfrenta la apreciaci\u00f3n del d\u00f3lar, la moneda que adopt\u00f3 hace 15 a\u00f1os. A eso se suma la depreciaci\u00f3n de la moneda de pa\u00edses vecinos, como el peso colombiano y el sol peruano, que ha restado competitividad a los productos ecuatorianos.<\/p>\n<p style=\"text-align: justify;\">Economistas cr\u00edticos del gobierno achacan la delicada situaci\u00f3n econ\u00f3mica de Ecuador al modelo econ\u00f3mico y sostienen que ha ahuyentado las inversiones extranjeras. De otro lado, consideran que el gobierno no aprovech\u00f3 la bonanza petrolera para crear fondos de ahorro que le permitan enfrentar la situaci\u00f3n actual. (I- AFP)<\/p>\n","protected":false},"excerpt":{"rendered":"<p>Ecuador calcula que para 2016 su presupuesto estatal ser\u00e1 de 29.835 millones de d\u00f3lares y su necesidad de financiamiento de<\/p>\n","protected":false},"author":1,"featured_media":0,"comment_status":"open","ping_status":"open","sticky":false,"template":"","format":"standard","meta":{"footnotes":""},"categories":[1],"tags":[],"_links":{"self":[{"href":"https:\/\/www.ecuadoraldia.com.ec\/index.php?rest_route=\/wp\/v2\/posts\/10951"}],"collection":[{"href":"https:\/\/www.ecuadoraldia.com.ec\/index.php?rest_route=\/wp\/v2\/posts"}],"about":[{"href":"https:\/\/www.ecuadoraldia.com.ec\/index.php?rest_route=\/wp\/v2\/types\/post"}],"author":[{"embeddable":true,"href":"https:\/\/www.ecuadoraldia.com.ec\/index.php?rest_route=\/wp\/v2\/users\/1"}],"replies":[{"embeddable":true,"href":"https:\/\/www.ecuadoraldia.com.ec\/index.php?rest_route=%2Fwp%2Fv2%2Fcomments&post=10951"}],"version-history":[{"count":1,"href":"https:\/\/www.ecuadoraldia.com.ec\/index.php?rest_route=\/wp\/v2\/posts\/10951\/revisions"}],"predecessor-version":[{"id":10953,"href":"https:\/\/www.ecuadoraldia.com.ec\/index.php?rest_route=\/wp\/v2\/posts\/10951\/revisions\/10953"}],"wp:attachment":[{"href":"https:\/\/www.ecuadoraldia.com.ec\/index.php?rest_route=%2Fwp%2Fv2%2Fmedia&parent=10951"}],"wp:term":[{"taxonomy":"category","embeddable":true,"href":"https:\/\/www.ecuadoraldia.com.ec\/index.php?rest_route=%2Fwp%2Fv2%2Fcategories&post=10951"},{"taxonomy":"post_tag","embeddable":true,"href":"https:\/\/www.ecuadoraldia.com.ec\/index.php?rest_route=%2Fwp%2Fv2%2Ftags&post=10951"}],"curies":[{"name":"wp","href":"https:\/\/api.w.org\/{rel}","templated":true}]}}