{"id":10957,"date":"2015-11-04T23:00:18","date_gmt":"2015-11-04T23:00:18","guid":{"rendered":"http:\/\/www.ecuadoraldia.com.ec\/?p=10957"},"modified":"2015-11-04T23:00:18","modified_gmt":"2015-11-04T23:00:18","slug":"pese-al-12-menos-que-recibiran-los-gad-en-2016-en-guayaquil-no-aumentaran-los-prediales","status":"publish","type":"post","link":"https:\/\/www.ecuadoraldia.com.ec\/?p=10957","title":{"rendered":"Pese al 12% menos que recibir\u00e1n los GAD en 2016, en Guayaquil no aumentar\u00e1n los prediales"},"content":{"rendered":"<p><a href=\"http:\/\/www.ecuadoraldia.com.ec\/wp-content\/uploads\/2015\/11\/nebot.jpg\"><img loading=\"lazy\" decoding=\"async\" class=\"alignleft size-medium wp-image-10958\" src=\"http:\/\/www.ecuadoraldia.com.ec\/wp-content\/uploads\/2015\/11\/nebot-300x212.jpg\" alt=\"nebot\" width=\"300\" height=\"212\" srcset=\"https:\/\/www.ecuadoraldia.com.ec\/wp-content\/uploads\/2015\/11\/nebot-300x212.jpg 300w, https:\/\/www.ecuadoraldia.com.ec\/wp-content\/uploads\/2015\/11\/nebot.jpg 328w\" sizes=\"(max-width: 300px) 100vw, 300px\" \/><\/a>En 2016, los GAD recibir\u00e1n 12% menos por parte del Estado, dijo Rafael Correa<\/p>\n<p style=\"text-align: justify;\">Como \u00abun incentivo para los contribuyentes\u00bb guayaquile\u00f1os, en el 2016 no se incrementar\u00e1n los impuestos prediales en esta ciudad. As\u00ed lo afirm\u00f3 este mi\u00e9rcoles el alcalde Jaime Nebot durante un conversatorio en la Asociaci\u00f3n Ecuatoriana de Radiodifusi\u00f3n (AER).<\/p>\n<p style=\"text-align: justify;\">\u00abTengan la certeza los 400 mil y pico de ciudadanos de clase media y de clase pobre que tienen solares y terrenos, casas y oficinas, que no se les van a subir los impuestos este a\u00f1o tampoco\u00bb, manifest\u00f3 Nebot, refiri\u00e9ndose a que en a\u00f1os anteriores tampoco se han incrementado estas tasas. Y agreg\u00f3: \u00abYo creo en la confianza, practico la confianza, practico el incentivo y creo en el incentivo. Creo que las cosas hay que hacerlas con el conjunto y el tejido de la sociedad, nacional e internacional. Lo importante es la cantidad de bienes y servicios que usted pone a disposici\u00f3n del pueblo\u00bb.<\/p>\n<p style=\"text-align: justify;\">El anuncio se da casi a una semana de que el presidente Rafael Correa reconociera que para el 2016 los GAD (Gobiernos Aut\u00f3nomos Descentralizados) recibir\u00e1n 12% menos por parte del Estado.<\/p>\n<p style=\"text-align: justify;\">El jueves, en un conversatorio con los medios, el mandatario dijo: \u00abYo no aumento, (ni) reduzco la asignaci\u00f3n a los GAD, eso depende del precio del petr\u00f3leo, est\u00e1 establecido en la ley. Este a\u00f1o (para el 2015) programamos el presupuesto casi a $ 80 el barril del petr\u00f3leo, no le bajamos un solo centavo a los GAD, hemos asumido todo el costo de la reducci\u00f3n del precio del petr\u00f3leo. El pr\u00f3ximo a\u00f1o estamos programando a $ 35 (&#8230;). Entonces, va a ser un 12% menos para los GAD por un barril de petr\u00f3leo m\u00e1s bajo, pero es lo que dice la ley, no soy yo el que determina esas cosas\u00bb.<\/p>\n<p>La recaudaci\u00f3n de impuestos prediales es uno de los rubros que va directamente a las arcas municipales para financiar obras para la ciudad. (I-El Universo)<\/p>\n","protected":false},"excerpt":{"rendered":"<p>En 2016, los GAD recibir\u00e1n 12% menos por parte del Estado, dijo Rafael Correa Como \u00abun incentivo para los contribuyentes\u00bb<\/p>\n","protected":false},"author":1,"featured_media":0,"comment_status":"open","ping_status":"open","sticky":false,"template":"","format":"standard","meta":{"footnotes":""},"categories":[3],"tags":[],"_links":{"self":[{"href":"https:\/\/www.ecuadoraldia.com.ec\/index.php?rest_route=\/wp\/v2\/posts\/10957"}],"collection":[{"href":"https:\/\/www.ecuadoraldia.com.ec\/index.php?rest_route=\/wp\/v2\/posts"}],"about":[{"href":"https:\/\/www.ecuadoraldia.com.ec\/index.php?rest_route=\/wp\/v2\/types\/post"}],"author":[{"embeddable":true,"href":"https:\/\/www.ecuadoraldia.com.ec\/index.php?rest_route=\/wp\/v2\/users\/1"}],"replies":[{"embeddable":true,"href":"https:\/\/www.ecuadoraldia.com.ec\/index.php?rest_route=%2Fwp%2Fv2%2Fcomments&post=10957"}],"version-history":[{"count":1,"href":"https:\/\/www.ecuadoraldia.com.ec\/index.php?rest_route=\/wp\/v2\/posts\/10957\/revisions"}],"predecessor-version":[{"id":10959,"href":"https:\/\/www.ecuadoraldia.com.ec\/index.php?rest_route=\/wp\/v2\/posts\/10957\/revisions\/10959"}],"wp:attachment":[{"href":"https:\/\/www.ecuadoraldia.com.ec\/index.php?rest_route=%2Fwp%2Fv2%2Fmedia&parent=10957"}],"wp:term":[{"taxonomy":"category","embeddable":true,"href":"https:\/\/www.ecuadoraldia.com.ec\/index.php?rest_route=%2Fwp%2Fv2%2Fcategories&post=10957"},{"taxonomy":"post_tag","embeddable":true,"href":"https:\/\/www.ecuadoraldia.com.ec\/index.php?rest_route=%2Fwp%2Fv2%2Ftags&post=10957"}],"curies":[{"name":"wp","href":"https:\/\/api.w.org\/{rel}","templated":true}]}}