{"id":10960,"date":"2015-11-04T23:06:50","date_gmt":"2015-11-04T23:06:50","guid":{"rendered":"http:\/\/www.ecuadoraldia.com.ec\/?p=10960"},"modified":"2015-11-04T23:06:50","modified_gmt":"2015-11-04T23:06:50","slug":"garcia-ecuador-no-se-equivoco-al-decretar-caducidad-de-contrato-con-oxy","status":"publish","type":"post","link":"https:\/\/www.ecuadoraldia.com.ec\/?p=10960","title":{"rendered":"Garc\u00eda: Ecuador \u201cno se equivoc\u00f3\u201d al decretar caducidad de contrato con OXY"},"content":{"rendered":"<p style=\"text-align: justify;\"><a href=\"http:\/\/www.ecuadoraldia.com.ec\/wp-content\/uploads\/2015\/11\/procu.jpg\"><img loading=\"lazy\" decoding=\"async\" class=\"alignleft size-full wp-image-10961\" src=\"http:\/\/www.ecuadoraldia.com.ec\/wp-content\/uploads\/2015\/11\/procu.jpg\" alt=\"procu\" width=\"242\" height=\"235\" \/><\/a>Quito, 4 nov .- El Procurador general de Ecuador, Diego Garc\u00eda, reiter\u00f3 este mi\u00e9rcoles que su pa\u00eds no se equivoc\u00f3 al decretar (en 2006) la caducidad del contrato para la exploraci\u00f3n y la explotaci\u00f3n petrolera a la Occidental Exploration Company (OXY), a la que tendr\u00e1 que pagar 1.061 millones de d\u00f3lares, seg\u00fan un fallo emitido el lunes \u00faltimo, y ratific\u00f3 que las partes buscan una \u201csoluci\u00f3n amistosa\u201d.<\/p>\n<p style=\"text-align: justify;\">\u201cLo primero que hay tener claro es que Ecuador no se equivoc\u00f3, tom\u00f3 la decisi\u00f3n que estaba prevista en la ley y en el contrato\u201d, asever\u00f3 Garc\u00eda en conferencia de prensa en la sede de la Procuradur\u00eda General de la Rep\u00fablica, en esta capital.<\/p>\n<p style=\"text-align: justify;\">El funcionario indic\u00f3 que en 2006, el entonces ministro de Energ\u00eda y Minas, que era la autoridad competente, una vez que estuvo cumplido el procedimiento y estaba claro que OXY hab\u00eda violado la ley y el contrato al haber cedido sus derechos (a otra empresa), aplic\u00f3 la norma que correspond\u00eda.<\/p>\n<p style=\"text-align: justify;\">Y acot\u00f3 que \u201cla \u00fanica norma que correspond\u00eda, tanto el contrato como la ley, preve\u00edan que en caso de una cesi\u00f3n de derechos no autorizada, lo que proced\u00eda era la caducidad\u201d, apunt\u00f3 al referirse al proceso que gener\u00f3 el reclamo de OXY en un tribunal arbitral del Centro Internacional de Arreglo de Diferencias Relativas a Inversiones (Ciadi), que pertenece al Banco Mundial.<\/p>\n<p style=\"text-align: justify;\">Garc\u00eda dijo que la decisi\u00f3n del tribunal al que hab\u00eda apelado entre 2012 y 2015 el pa\u00eds \u201cno satisface\u201d, pero reiter\u00f3 las declaraciones hechas el fin de semana por el presidente, Rafael Correa, de que su pa\u00eds buscar\u00e1 una \u201dsoluci\u00f3n amistosa\u201d con la empresa estadounidense, la cual estar\u00e1 referida a lo que respecta a tiempos y montos de pago.<\/p>\n<p style=\"text-align: justify;\">\u201cDesde el principio de este arbitraje internacional, OXY en varias oportunidades ha manifestado su intenci\u00f3n de buscar un acuerdo amistoso, sin llegar a hacer una oferta concreta y ni a plantear condiciones sobre las cuales podr\u00eda llegarse a ese arreglo\u201d, precis\u00f3.<\/p>\n<p style=\"text-align: justify;\">Inform\u00f3 que, en este momento, se realizan conversaciones entre las partes a trav\u00e9s de abogados y no se ha planificado una reuni\u00f3n al m\u00e1s alto nivel, pero Ecuador espera que se responda a la propuesta presentada a la compa\u00f1\u00eda estadounidense.<\/p>\n<p style=\"text-align: justify;\">Resalt\u00f3 el hecho de que la suma se haya reducido una vez que el comit\u00e9 de anulaci\u00f3n tom\u00f3 en cuenta un argumento desde Ecuador sobre una \u201cextralimitaci\u00f3n manifiesta en las funciones por parte del tribunal Ciadi, al haber asumido competencia respecto de una inversi\u00f3n que no estaba protegida por el Tratado Bilateral de Inversiones (TBI), suscrito entre el estado ecuatoriano y Estados Unidos.<\/p>\n<p style=\"text-align: justify;\">Dicho tribunal hab\u00eda decidido compensar el 100% de la demanda de OXY, pero el 40% no pertenec\u00eda a una empresa protegida por el TBI ni era parte del contrato con este pa\u00eds.<\/p>\n<p style=\"text-align: justify;\">En consecuencia, a\u00f1adi\u00f3, el \u00faltimo e inapelable fallo reduce la cuant\u00eda de la indemnizaci\u00f3n en el 40% de su valor, lo cual se hab\u00eda planteado desde Ecuador en octubre de 2012, a partir de varias causales.<\/p>\n<p style=\"text-align: justify;\">El Procurador consider\u00f3 \u201cimportante\u201d la excepcionalidad \u2013sin precedentes- en la disminuci\u00f3n del monto a pagar por Ecuador en este caso, en comparaci\u00f3n con la demanda original de OXY en 2006 (3.370 millones de d\u00f3lares), con respecto al laudo arbitral en 2012 (1.769 millones de d\u00f3lares) y con lo alcanzado en la decisi\u00f3n de la anulaci\u00f3n en 2015 (1.061 millones).<\/p>\n<p style=\"text-align: justify;\">Explic\u00f3 que entre los pedidos de anulaci\u00f3n hecho por los pa\u00edses dentro del sistema de arbitraje de inversiones, solamente alrededor de un 7% alcanza su objetivo.<\/p>\n<p style=\"text-align: justify;\">\u00abLas decisiones de anulaci\u00f3n de los comit\u00e9s de anulaci\u00f3n Ciadi son realmente excepcionales, por eso podemos decir que la decisi\u00f3n que se ha tomado ahora es, en esta parte, una decisi\u00f3n favorable a la tesis del Ecuador y sin precedentes\u201d, apunt\u00f3 al exponer que existe una reducci\u00f3n de aproximadamente un 68% del reclamo inicial al monto contentivo en la decisi\u00f3n definitiva.<\/p>\n<p style=\"text-align: justify;\">Apunt\u00f3 que si bien el resultado de este arbitraje \u201cno nos satisface enteramente\u201d, sin embargo ha concedido al Ecuador una reducci\u00f3n importante y sin precedentes en el sistema internacional de inversiones.<\/p>\n<p style=\"text-align: justify;\">En la actualidad Ecuador afronta 11 procesos relativos a los TBI por un monto impreciso. Recientemente, el presidente Correa afirm\u00f3 que esta ha sido la indemnizaci\u00f3n m\u00e1s grande en la historia de los arbitrajes y la calific\u00f3 de injusta e improcedente.<\/p>\n","protected":false},"excerpt":{"rendered":"<p>Quito, 4 nov .- El Procurador general de Ecuador, Diego Garc\u00eda, reiter\u00f3 este mi\u00e9rcoles que su pa\u00eds no se equivoc\u00f3<\/p>\n","protected":false},"author":1,"featured_media":0,"comment_status":"open","ping_status":"open","sticky":false,"template":"","format":"standard","meta":{"footnotes":""},"categories":[1],"tags":[],"_links":{"self":[{"href":"https:\/\/www.ecuadoraldia.com.ec\/index.php?rest_route=\/wp\/v2\/posts\/10960"}],"collection":[{"href":"https:\/\/www.ecuadoraldia.com.ec\/index.php?rest_route=\/wp\/v2\/posts"}],"about":[{"href":"https:\/\/www.ecuadoraldia.com.ec\/index.php?rest_route=\/wp\/v2\/types\/post"}],"author":[{"embeddable":true,"href":"https:\/\/www.ecuadoraldia.com.ec\/index.php?rest_route=\/wp\/v2\/users\/1"}],"replies":[{"embeddable":true,"href":"https:\/\/www.ecuadoraldia.com.ec\/index.php?rest_route=%2Fwp%2Fv2%2Fcomments&post=10960"}],"version-history":[{"count":1,"href":"https:\/\/www.ecuadoraldia.com.ec\/index.php?rest_route=\/wp\/v2\/posts\/10960\/revisions"}],"predecessor-version":[{"id":10962,"href":"https:\/\/www.ecuadoraldia.com.ec\/index.php?rest_route=\/wp\/v2\/posts\/10960\/revisions\/10962"}],"wp:attachment":[{"href":"https:\/\/www.ecuadoraldia.com.ec\/index.php?rest_route=%2Fwp%2Fv2%2Fmedia&parent=10960"}],"wp:term":[{"taxonomy":"category","embeddable":true,"href":"https:\/\/www.ecuadoraldia.com.ec\/index.php?rest_route=%2Fwp%2Fv2%2Fcategories&post=10960"},{"taxonomy":"post_tag","embeddable":true,"href":"https:\/\/www.ecuadoraldia.com.ec\/index.php?rest_route=%2Fwp%2Fv2%2Ftags&post=10960"}],"curies":[{"name":"wp","href":"https:\/\/api.w.org\/{rel}","templated":true}]}}