{"id":1097,"date":"2014-01-12T16:38:49","date_gmt":"2014-01-12T16:38:49","guid":{"rendered":"http:\/\/www.ecuadoraldia.com.ec\/?p=1097"},"modified":"2014-01-12T16:38:49","modified_gmt":"2014-01-12T16:38:49","slug":"correa-revisara-regimen-de-afiliacion-voluntaria","status":"publish","type":"post","link":"https:\/\/www.ecuadoraldia.com.ec\/?p=1097","title":{"rendered":"Correa revisar\u00e1 r\u00e9gimen de afiliaci\u00f3n voluntaria"},"content":{"rendered":"<p><a href=\"http:\/\/www.ecuadoraldia.com.ec\/wp-content\/uploads\/2014\/01\/afiliacion.jpg\"><img loading=\"lazy\" decoding=\"async\" src=\"http:\/\/www.ecuadoraldia.com.ec\/wp-content\/uploads\/2014\/01\/afiliacion-300x225.jpg\" alt=\"afiliacion\" width=\"300\" height=\"225\" class=\"alignleft size-medium wp-image-1098\" srcset=\"https:\/\/www.ecuadoraldia.com.ec\/wp-content\/uploads\/2014\/01\/afiliacion-300x225.jpg 300w, https:\/\/www.ecuadoraldia.com.ec\/wp-content\/uploads\/2014\/01\/afiliacion.jpg 600w\" sizes=\"(max-width: 300px) 100vw, 300px\" \/><\/a>Los cambios en los requisitos para la afiliaci\u00f3n voluntaria aprobados por el Instituto Ecuatoriano de Seguridad Social (IESS) preocuparon al presidente Rafael Correa, quien en el enlace sabatino realizado ayer en Babahoyo, se\u00f1al\u00f3 que \u00abhay que ser muy cuidadosos\u00bb. El Mandatario puntualiz\u00f3 que \u00ablos logros son impresionantes\u00bb, pero que \u00abpor servir podemos irnos m\u00e1s all\u00e1 de la capacidad del IESS y tener d\u00e9ficit actuarial y un d\u00e9ficit en los servicios de salud\u00bb. Por eso, se reuni\u00f3 el pasado jueves con un equipo del IESS y los ministros coordinadores de la pol\u00edtica. Adem\u00e1s, anunci\u00f3 que revisar\u00e1 \u00abpormenorizadamente\u00bb las reformas. La entidad aprob\u00f3 en diciembre, una resoluci\u00f3n que reduce los requisitos para afiliarse voluntariamente. Por ejemplo, se eliminaron los ex\u00e1menes m\u00e9dicos. Quienes no est\u00e9n bajo el seguro obligatorio, como manda la Ley de Seguridad Social, podr\u00e1n acogerse a la aportaci\u00f3n voluntaria si son ecuatorianos o refugiados con carn\u00e9, mayores de 18 a\u00f1os y no tienen mora con el Seguro Social. ElComercio.com<\/p>\n","protected":false},"excerpt":{"rendered":"<p>Los cambios en los requisitos para la afiliaci\u00f3n voluntaria aprobados por el Instituto Ecuatoriano de Seguridad Social (IESS) preocuparon al<\/p>\n","protected":false},"author":1,"featured_media":0,"comment_status":"open","ping_status":"open","sticky":false,"template":"","format":"standard","meta":{"footnotes":""},"categories":[3],"tags":[],"_links":{"self":[{"href":"https:\/\/www.ecuadoraldia.com.ec\/index.php?rest_route=\/wp\/v2\/posts\/1097"}],"collection":[{"href":"https:\/\/www.ecuadoraldia.com.ec\/index.php?rest_route=\/wp\/v2\/posts"}],"about":[{"href":"https:\/\/www.ecuadoraldia.com.ec\/index.php?rest_route=\/wp\/v2\/types\/post"}],"author":[{"embeddable":true,"href":"https:\/\/www.ecuadoraldia.com.ec\/index.php?rest_route=\/wp\/v2\/users\/1"}],"replies":[{"embeddable":true,"href":"https:\/\/www.ecuadoraldia.com.ec\/index.php?rest_route=%2Fwp%2Fv2%2Fcomments&post=1097"}],"version-history":[{"count":1,"href":"https:\/\/www.ecuadoraldia.com.ec\/index.php?rest_route=\/wp\/v2\/posts\/1097\/revisions"}],"predecessor-version":[{"id":1099,"href":"https:\/\/www.ecuadoraldia.com.ec\/index.php?rest_route=\/wp\/v2\/posts\/1097\/revisions\/1099"}],"wp:attachment":[{"href":"https:\/\/www.ecuadoraldia.com.ec\/index.php?rest_route=%2Fwp%2Fv2%2Fmedia&parent=1097"}],"wp:term":[{"taxonomy":"category","embeddable":true,"href":"https:\/\/www.ecuadoraldia.com.ec\/index.php?rest_route=%2Fwp%2Fv2%2Fcategories&post=1097"},{"taxonomy":"post_tag","embeddable":true,"href":"https:\/\/www.ecuadoraldia.com.ec\/index.php?rest_route=%2Fwp%2Fv2%2Ftags&post=1097"}],"curies":[{"name":"wp","href":"https:\/\/api.w.org\/{rel}","templated":true}]}}