{"id":11011,"date":"2015-11-11T12:35:28","date_gmt":"2015-11-11T12:35:28","guid":{"rendered":"http:\/\/www.ecuadoraldia.com.ec\/?p=11011"},"modified":"2015-11-11T12:43:31","modified_gmt":"2015-11-11T12:43:31","slug":"mir-define-su-estrategia-politica-en-manabi","status":"publish","type":"post","link":"https:\/\/www.ecuadoraldia.com.ec\/?p=11011","title":{"rendered":"MIR define su estrategia Pol\u00ectica en Manab\u00ec\u00a0"},"content":{"rendered":"<p style=\"text-align: justify;\"><a href=\"http:\/\/www.ecuadoraldia.com.ec\/wp-content\/uploads\/2015\/11\/m-i-r-2.jpg\"><img loading=\"lazy\" decoding=\"async\" class=\"alignleft size-full wp-image-11021\" src=\"http:\/\/www.ecuadoraldia.com.ec\/wp-content\/uploads\/2015\/11\/m-i-r-2.jpg\" alt=\"m i r 2\" width=\"258\" height=\"149\" \/><\/a>Una vez conformadas las Directivas en varios cantones de la Provincia de Manab\u00ed, el Movimiento de Izquierda Revolucionaria, MIR har\u00e1 \u00a0este jueves 12 de noviembre, el lanzamiento de su estrategia pol\u00edtica de cara a las elecciones del 2017, en Portoviejo,<\/p>\n<p style=\"text-align: justify;\">As\u00ed lo inform\u00f3 el coordinador Nacional de esta agrupaci\u00f3n pol\u00edtica, Orlando Herrera. El prop\u00f3sito es\u00a0 hacer conocer a los manabitas que existe un Movimiento de izquierda identificado \u00a0con el pueblo y con el proyecto pol\u00edtico \u00a0que lleva adelante el gobierno de la Revoluci\u00f3n Ciudadana.<\/p>\n<p style=\"text-align: justify;\">El evento al que han sido invitados autoridades y l\u00edderes de la Provincia, se realizar\u00e1 \u00a0a partir de las 14h00, en el local de la Asociaci\u00f3n de Artesanos.<\/p>\n<p style=\"text-align: justify;\">El Dirigente Pol\u00edtico, se\u00f1al\u00f3 que se han conformado las Directivas en varios\u00a0 cantones de la provincia, entre ellos: Chone, Tosagua, Calceta, Rocafuerte, Montecristi y Portoviejo, quedando a\u00f9n por definirse en Manta, Pedernales, El Carmen y Bah\u00eda.<\/p>\n<p style=\"text-align: justify;\">Previo al evento se realizar\u00e1n reuniones con autoridades locales y l\u00edderes pol\u00edticos y visitas a Medios de Comunicaci\u00f3n.<\/p>\n<p>&nbsp;<\/p>\n<p>&nbsp;<\/p>\n","protected":false},"excerpt":{"rendered":"<p>Una vez conformadas las Directivas en varios cantones de la Provincia de Manab\u00ed, el Movimiento de Izquierda Revolucionaria, MIR har\u00e1<\/p>\n","protected":false},"author":1,"featured_media":0,"comment_status":"open","ping_status":"open","sticky":false,"template":"","format":"standard","meta":{"footnotes":""},"categories":[1],"tags":[],"_links":{"self":[{"href":"https:\/\/www.ecuadoraldia.com.ec\/index.php?rest_route=\/wp\/v2\/posts\/11011"}],"collection":[{"href":"https:\/\/www.ecuadoraldia.com.ec\/index.php?rest_route=\/wp\/v2\/posts"}],"about":[{"href":"https:\/\/www.ecuadoraldia.com.ec\/index.php?rest_route=\/wp\/v2\/types\/post"}],"author":[{"embeddable":true,"href":"https:\/\/www.ecuadoraldia.com.ec\/index.php?rest_route=\/wp\/v2\/users\/1"}],"replies":[{"embeddable":true,"href":"https:\/\/www.ecuadoraldia.com.ec\/index.php?rest_route=%2Fwp%2Fv2%2Fcomments&post=11011"}],"version-history":[{"count":1,"href":"https:\/\/www.ecuadoraldia.com.ec\/index.php?rest_route=\/wp\/v2\/posts\/11011\/revisions"}],"predecessor-version":[{"id":11022,"href":"https:\/\/www.ecuadoraldia.com.ec\/index.php?rest_route=\/wp\/v2\/posts\/11011\/revisions\/11022"}],"wp:attachment":[{"href":"https:\/\/www.ecuadoraldia.com.ec\/index.php?rest_route=%2Fwp%2Fv2%2Fmedia&parent=11011"}],"wp:term":[{"taxonomy":"category","embeddable":true,"href":"https:\/\/www.ecuadoraldia.com.ec\/index.php?rest_route=%2Fwp%2Fv2%2Fcategories&post=11011"},{"taxonomy":"post_tag","embeddable":true,"href":"https:\/\/www.ecuadoraldia.com.ec\/index.php?rest_route=%2Fwp%2Fv2%2Ftags&post=11011"}],"curies":[{"name":"wp","href":"https:\/\/api.w.org\/{rel}","templated":true}]}}