{"id":11018,"date":"2015-11-11T12:34:28","date_gmt":"2015-11-11T12:34:28","guid":{"rendered":"http:\/\/www.ecuadoraldia.com.ec\/?p=11018"},"modified":"2015-11-11T12:34:28","modified_gmt":"2015-11-11T12:34:28","slug":"galo-chiriboga-planteo-a-garzon-pedir-perdon","status":"publish","type":"post","link":"https:\/\/www.ecuadoraldia.com.ec\/?p=11018","title":{"rendered":"Galo Chiriboga plante\u00f3 a Garz\u00f3n \u00abpedir perd\u00f3n\u00bb"},"content":{"rendered":"<figure id=\"attachment_11019\" aria-describedby=\"caption-attachment-11019\" style=\"width: 300px\" class=\"wp-caption alignleft\"><a href=\"http:\/\/www.ecuadoraldia.com.ec\/wp-content\/uploads\/2015\/11\/galo-chiriboga.jpg\"><img loading=\"lazy\" decoding=\"async\" class=\"size-medium wp-image-11019\" src=\"http:\/\/www.ecuadoraldia.com.ec\/wp-content\/uploads\/2015\/11\/galo-chiriboga-300x216.jpg\" alt=\"  Galo Chiriboga. \" width=\"300\" height=\"216\" srcset=\"https:\/\/www.ecuadoraldia.com.ec\/wp-content\/uploads\/2015\/11\/galo-chiriboga-300x216.jpg 300w, https:\/\/www.ecuadoraldia.com.ec\/wp-content\/uploads\/2015\/11\/galo-chiriboga.jpg 440w\" sizes=\"(max-width: 300px) 100vw, 300px\" \/><\/a><figcaption id=\"caption-attachment-11019\" class=\"wp-caption-text\">Galo Chiriboga.<\/figcaption><\/figure>\n<p style=\"text-align: justify;\">El fiscal General de la Naci\u00f3n, Galo Chiriboga, se reuni\u00f3 con el general Luis Garz\u00f3n, comandante General de las Fuerzas Armadas, antes de la audiencia del lunes que se sigue por los cr\u00edmenes de lesa humanidad, la cual no se concret\u00f3.<\/p>\n<p style=\"text-align: justify;\">En una entrevista a Radio P\u00fablica el funcionario detall\u00f3: \u201cEn alg\u00fan momento le dije al comandante: pedir perd\u00f3n\u201d, detall\u00f3 Chiriboga, sobre ese encuentro.<\/p>\n<p style=\"text-align: justify;\">Indic\u00f3 que este hecho no es necesariamente realizar una expresi\u00f3n p\u00fablica sino \u201cque se pida perd\u00f3n a ellos mismos, a sus creencias; es decir al contexto, pero mostrar un cierto arrepentimiento sobre lo que ocurri\u00f3\u201d, agreg\u00f3.<\/p>\n<p style=\"text-align: justify;\">Chiriboga relat\u00f3 que el razonamiento del comandante es que ellos siguieron disposiciones legales, con base a la Ley de Seguridad \u201cque fue aprobada un d\u00eda antes de que el pa\u00eds vuelva al r\u00e9gimen constitucional\u201d.<\/p>\n<p style=\"text-align: justify;\">All\u00ed le habr\u00eda explicado que \u201cno es un caso de venganza de parte de las v\u00edctimas\u201d y que el proceso judicial debe concluir, estableciendo las responsabilidades que los jueces determinen, porque fue un episodio doloroso para la historia del pa\u00eds y amerita que haya una reparaci\u00f3n a las v\u00edctimas.<\/p>\n<p style=\"text-align: justify;\">Para el Fiscal, esos hechos \u201cno fueron algo normal\u201d. \u201cNo es lo que un sistema democr\u00e1tico puede permitir que ocurra y por ello hay que rectificar esos procesos y sacar de la ideolog\u00eda de ciertos estamentos el criterio de definici\u00f3n de terrorista como enemigo y el hecho de pensar que por ello se act\u00faa con base a esa definici\u00f3n\u201d.<\/p>\n<p style=\"text-align: justify;\">Estas declaraciones emiti\u00f3 el funcionario luego de quedar diferida la audiencia de juicio, en la Corte Nacional de Justicia (CNJ) por la ausencia del coronel Mario Ricardo A.W., uno de los sindicados. Javier Arregui Camacho, su abogado, present\u00f3 un certificado a cargo del Hospital Militar.<\/p>\n<p style=\"text-align: justify;\">Indic\u00f3 que su cliente tuvo un problema card\u00edaco por lo que fue internado a las 04:00 del lunes y present\u00f3 un certificado m\u00e9dico.<\/p>\n<p style=\"text-align: justify;\">Ricardo A.W. no es el \u00fanico procesado. Otros 4 miembros del alto mando militar (Nelson E.G., Marcelo D.A., Guillermo R.A. y Ra\u00fal V.V.) fueron se\u00f1alados como presuntos autores de la violaci\u00f3n de derechos humanos fundamentales contra Luis Vaca, Susana Cajas y Javier Jarr\u00edn, quienes integraron el grupo Alfaro Vive Carajo (AVC).<\/p>\n<p style=\"text-align: justify;\">Chiriboga reiter\u00f3 que la presencia de la c\u00fapula militar, en la sala de la CNJ, es importante porque podr\u00e1n acompa\u00f1ar el proceso, escuchar las argumentaciones de la Fiscal\u00eda y de la defensa para que se hagan una opini\u00f3n informada.<\/p>\n<p style=\"text-align: justify;\">El Fiscal se\u00f1al\u00f3 que el di\u00e1logo mantenido con Garz\u00f3n tambi\u00e9n fue para aclarar los t\u00e9rminos bajo los cuales se desarrollar\u00e1 el juicio.<\/p>\n<p style=\"text-align: justify;\">Aclaraci\u00f3n sobre diferimiento<\/p>\n<p style=\"text-align: justify;\">Esta no es la \u00fanica postura de la Fiscal\u00eda. Chiriboga indic\u00f3 que la entidad no considera que un certificado m\u00e9dico sea suficiente excusa para suspender la audiencia y cuestion\u00f3 que la defensa del coronel no informara a la Fiscal\u00eda sobre este particular.<\/p>\n<p style=\"text-align: justify;\">Ante esta situaci\u00f3n, Chiriboga dijo ayer que en el oficio emitido a la Corte solicit\u00f3 una copia certificada de la justificaci\u00f3n m\u00e9dica, copia certificada de la historia cl\u00ednica y de los ex\u00e1menes realizados el d\u00eda que ingres\u00f3 al hospital. Adem\u00e1s, detalle de los tratamientos debieron ser adjuntados al certificado m\u00e9dico para ser presentados al Tribunal. El abogado Arregui Camacho reiter\u00f3 que se justific\u00f3 debidamente a la sala la ausencia de su defendido.<\/p>\n<p style=\"text-align: justify;\">\u201cEst\u00e1 debidamente justificado con los certificados m\u00e9dicos y en esa virtud por la ausencia no provocada del coronel se deriv\u00f3 la ausencia de mi defendido\u201d.<\/p>\n<p style=\"text-align: justify;\">\u201cLa tensi\u00f3n del llamamiento a esta audiencia, los problemas que implica este caso determin\u00f3 que sufra un colapso card\u00edaco\u201d, reiter\u00f3.<\/p>\n<p style=\"text-align: justify;\">El defensor a\u00f1adi\u00f3 que su defendido tiene 67 a\u00f1os, lo que implica que su condici\u00f3n sea delicada. Desvirtu\u00f3 de que este problema de salud sea un incidente para interrumpir la audiencia de juicio.<\/p>\n<p style=\"text-align: justify;\">\u201cTodo est\u00e1 justificado por el hospital de las Fuerzas Armadas (&#8230;) Ning\u00fan m\u00e9dico va a poder presentar un certificado que no es y el cuadro de salud del coronel ya estaba justificado con debida antelaci\u00f3n de que ya ten\u00eda problemas de salud\u201d.<\/p>\n<p style=\"text-align: justify;\">Arregui indic\u00f3 que en ocasiones anteriores se presentaron certificados que determinan la condici\u00f3n del coronel.<\/p>\n<p style=\"text-align: justify;\">Juan Pablo Alb\u00e1n, abogado de Susana Cajas y de Luis Alberto Vaca, se\u00f1al\u00f3 que es derecho de los procesados que no se realice el juicio en su ausencia. \u201cNo se los podr\u00e1 juzgar hasta que se presenten a la justicia o sean aprehendidos\u201d.<\/p>\n<p style=\"text-align: justify;\">No obstante, reiter\u00f3 que tiene que continuar el proceso para que se conozcan las agresiones que sufrieron sus defendidos en noviembre de 1985. Estas fueron detenci\u00f3n ilegal arbitraria, tortura (tanto psicol\u00f3gica como f\u00edsica), violencia sexual en contra de Cajas y hasta desaparici\u00f3n forzada. (I) El telegrafo<\/p>\n","protected":false},"excerpt":{"rendered":"<p>El fiscal General de la Naci\u00f3n, Galo Chiriboga, se reuni\u00f3 con el general Luis Garz\u00f3n, comandante General de las Fuerzas<\/p>\n","protected":false},"author":1,"featured_media":0,"comment_status":"open","ping_status":"open","sticky":false,"template":"","format":"standard","meta":{"footnotes":""},"categories":[5],"tags":[],"_links":{"self":[{"href":"https:\/\/www.ecuadoraldia.com.ec\/index.php?rest_route=\/wp\/v2\/posts\/11018"}],"collection":[{"href":"https:\/\/www.ecuadoraldia.com.ec\/index.php?rest_route=\/wp\/v2\/posts"}],"about":[{"href":"https:\/\/www.ecuadoraldia.com.ec\/index.php?rest_route=\/wp\/v2\/types\/post"}],"author":[{"embeddable":true,"href":"https:\/\/www.ecuadoraldia.com.ec\/index.php?rest_route=\/wp\/v2\/users\/1"}],"replies":[{"embeddable":true,"href":"https:\/\/www.ecuadoraldia.com.ec\/index.php?rest_route=%2Fwp%2Fv2%2Fcomments&post=11018"}],"version-history":[{"count":1,"href":"https:\/\/www.ecuadoraldia.com.ec\/index.php?rest_route=\/wp\/v2\/posts\/11018\/revisions"}],"predecessor-version":[{"id":11020,"href":"https:\/\/www.ecuadoraldia.com.ec\/index.php?rest_route=\/wp\/v2\/posts\/11018\/revisions\/11020"}],"wp:attachment":[{"href":"https:\/\/www.ecuadoraldia.com.ec\/index.php?rest_route=%2Fwp%2Fv2%2Fmedia&parent=11018"}],"wp:term":[{"taxonomy":"category","embeddable":true,"href":"https:\/\/www.ecuadoraldia.com.ec\/index.php?rest_route=%2Fwp%2Fv2%2Fcategories&post=11018"},{"taxonomy":"post_tag","embeddable":true,"href":"https:\/\/www.ecuadoraldia.com.ec\/index.php?rest_route=%2Fwp%2Fv2%2Ftags&post=11018"}],"curies":[{"name":"wp","href":"https:\/\/api.w.org\/{rel}","templated":true}]}}