{"id":11023,"date":"2015-11-11T12:47:14","date_gmt":"2015-11-11T12:47:14","guid":{"rendered":"http:\/\/www.ecuadoraldia.com.ec\/?p=11023"},"modified":"2015-11-11T12:48:47","modified_gmt":"2015-11-11T12:48:47","slug":"habra-musica-para-todos-los-gustos-en-el-1x1-riobamba","status":"publish","type":"post","link":"https:\/\/www.ecuadoraldia.com.ec\/?p=11023","title":{"rendered":"Habr\u00e1 m\u00fasica para todos los gustos en el 1&#215;1 Riobamba"},"content":{"rendered":"<p style=\"text-align: justify;\"><a href=\"http:\/\/www.ecuadoraldia.com.ec\/wp-content\/uploads\/2015\/11\/ecub.png\"><img loading=\"lazy\" decoding=\"async\" class=\"alignleft size-medium wp-image-11024\" src=\"http:\/\/www.ecuadoraldia.com.ec\/wp-content\/uploads\/2015\/11\/ecub-300x253.png\" alt=\"ecub\" width=\"300\" height=\"253\" srcset=\"https:\/\/www.ecuadoraldia.com.ec\/wp-content\/uploads\/2015\/11\/ecub-300x253.png 300w, https:\/\/www.ecuadoraldia.com.ec\/wp-content\/uploads\/2015\/11\/ecub.png 474w\" sizes=\"(max-width: 300px) 100vw, 300px\" \/><\/a>09 Noviembre 2015 . Pasillo, folklore, balada, bachata, cumbia, salsa, merengue, reggeton, pop, rock y metal son los g\u00e9neros que interpretar\u00e1n m\u00e1s de 40 artistas que participar\u00e1n en la Feria-Concierto 1&#215;1 \u201cQueremos m\u00e1s m\u00fasica hecha en Ecuador\u201d. El encuentro musical se efectuar\u00e1 en Riobamba, este s\u00e1bado 21 de noviembre en la Concha Ac\u00fastica del Parque Infantil.<\/p>\n<p style=\"text-align: justify;\">Los artistas de la zonal 3 (Chimborazo, Tungurahua, Cotopaxi y Pastaza) que se presentar\u00e1n en el escenario son: Mederos, Los Valverde, Normita Navarro, Oscar Mart\u00ednez, Cynthia Nicole, Elizabeth Obando, La Malu, Los INTI\u00b4S, Tercera Generaci\u00f3n, Maricela, Garo\u00fa, Jarana, Edisson Von Lippke, Alejandro Santander, KANLLA, Hijas de Sion, Fernando Paredes, Stakatto, MUNASKKA FUNK, Monserrath, Tapial, Escencia, Frekuencia AM, La Pupa Retreta, Gaby Jaramillo, Mr Ragd\u00e9 Man, Mar\u00eda Antonia, Rafaela Guevara, Pepinos Funk, BRU Crew, Anabel Tu Encanto Amaz\u00f3nico, Dalila, Eddy el Gitano del Ecuador, Geovanna Jara, San Viernes, Jorge S\u00e1nchez, Paul Max, An Dre y Diego, \u00c9xodo, Cruzetas, Danny Osorio, Jenny Barsallo, Andr\u00e9s Tufi\u00f1o, Los Impacto y Wilson Andino.<\/p>\n<p style=\"text-align: justify;\">A su vez, en horas de la ma\u00f1ana se realizar\u00e1 una Rueda de Negocios, donde 18 artistas mostrar\u00e1n su talento a reconocidos productores, empresarios musicales, representantes de casa disqueras y medios de comunicaci\u00f3n, como Daniel Sains, Silvia Paola Cayambe, Hugo Paz, Diego Arellano, Fabi\u00e1n Pino y Roberto Freire.<\/p>\n<p style=\"text-align: justify;\">A m\u00e1s de apoyar al talento nacional, los asistentes disfrutar\u00e1n de un festival gastron\u00f3mico tradicional, en el que habr\u00e1 los platos t\u00edpicos m\u00e1s representativos de la zona 3, como chugchucaras, hornado, volqueteros, fritada, llapingachos, adem\u00e1s de jugos elaborados con hielo del Chimborazo. Esta actividad estar\u00e1 bajo la coordinaci\u00f3n de la Escuela de Chefs R\u00edo Gourmet.<\/p>\n<p style=\"text-align: justify;\">Una fiesta para todas las edades y para toda la familia<br \/>\nLos amantes del automovilismo podr\u00e1n disfrutar de la exhibici\u00f3n de autos cl\u00e1sicos. Para los menores se instalar\u00e1n juegos infantiles y en la noche el cielo de Riobamba se cubrir\u00e1 de luces con un festival de juegos pirot\u00e9cnicos y el lanzamiento de los tradicionales globos de papel ceda.<\/p>\n<p style=\"text-align: justify;\">El evento contar\u00e1 con la presencia de autoridades locales, provinciales y nacionales, entre ellas, el Superintendente de la Informaci\u00f3n y Comunicaci\u00f3n, Carlos Ochoa Hern\u00e1ndez.<\/p>\n<p style=\"text-align: justify;\">El Concierto 1&#215;1 de la Zona 3 ser\u00e1 transmitido en vivo, v\u00eda streaming por www.supercom.gob.ec y retransmitido por varios medios de comunicaci\u00f3n de radio y televisi\u00f3n de la zona 3.<\/p>\n<p style=\"text-align: justify;\">Este evento permite dar cumplimiento al art\u00edculo 103 de la Ley Org\u00e1nica de Comunicaci\u00f3n, en relaci\u00f3n con la difusi\u00f3n de contenidos musicales que se\u00f1ala: \u201cEn los casos de las estaciones de radiodifusi\u00f3n sonora que emitan programas musicales, la m\u00fasica producida, compuesta o ejecutada en Ecuador deber\u00e1 representar al menos el 50% de los contenidos musicales emitidos en todos sus horarios, con el pago de los derechos de autor conforme se establece en la ley\u201d.<\/p>\n<p style=\"text-align: justify;\">La s\u00e9ptima edici\u00f3n de la Feria-Concierto 1&#215;1 \u201cQueremos m\u00e1s m\u00fasica hecha en Ecuador\u201d se realiz\u00f3 con gran \u00e9xito en Quito, en septiembre. Ahora, se espera la misma acogida a esta fiesta musical, que es gratuita, en Riobamba.(Fuente Supercom)<\/p>\n","protected":false},"excerpt":{"rendered":"<p>09 Noviembre 2015 . Pasillo, folklore, balada, bachata, cumbia, salsa, merengue, reggeton, pop, rock y metal son los g\u00e9neros que<\/p>\n","protected":false},"author":1,"featured_media":0,"comment_status":"open","ping_status":"open","sticky":false,"template":"","format":"standard","meta":{"footnotes":""},"categories":[4],"tags":[],"_links":{"self":[{"href":"https:\/\/www.ecuadoraldia.com.ec\/index.php?rest_route=\/wp\/v2\/posts\/11023"}],"collection":[{"href":"https:\/\/www.ecuadoraldia.com.ec\/index.php?rest_route=\/wp\/v2\/posts"}],"about":[{"href":"https:\/\/www.ecuadoraldia.com.ec\/index.php?rest_route=\/wp\/v2\/types\/post"}],"author":[{"embeddable":true,"href":"https:\/\/www.ecuadoraldia.com.ec\/index.php?rest_route=\/wp\/v2\/users\/1"}],"replies":[{"embeddable":true,"href":"https:\/\/www.ecuadoraldia.com.ec\/index.php?rest_route=%2Fwp%2Fv2%2Fcomments&post=11023"}],"version-history":[{"count":1,"href":"https:\/\/www.ecuadoraldia.com.ec\/index.php?rest_route=\/wp\/v2\/posts\/11023\/revisions"}],"predecessor-version":[{"id":11025,"href":"https:\/\/www.ecuadoraldia.com.ec\/index.php?rest_route=\/wp\/v2\/posts\/11023\/revisions\/11025"}],"wp:attachment":[{"href":"https:\/\/www.ecuadoraldia.com.ec\/index.php?rest_route=%2Fwp%2Fv2%2Fmedia&parent=11023"}],"wp:term":[{"taxonomy":"category","embeddable":true,"href":"https:\/\/www.ecuadoraldia.com.ec\/index.php?rest_route=%2Fwp%2Fv2%2Fcategories&post=11023"},{"taxonomy":"post_tag","embeddable":true,"href":"https:\/\/www.ecuadoraldia.com.ec\/index.php?rest_route=%2Fwp%2Fv2%2Ftags&post=11023"}],"curies":[{"name":"wp","href":"https:\/\/api.w.org\/{rel}","templated":true}]}}