{"id":11026,"date":"2015-11-11T12:53:27","date_gmt":"2015-11-11T12:53:27","guid":{"rendered":"http:\/\/www.ecuadoraldia.com.ec\/?p=11026"},"modified":"2015-11-11T12:53:27","modified_gmt":"2015-11-11T12:53:27","slug":"periodicos-extra-el-heraldo-y-el-correo-cumplen-con-auditoria-de-tiraje","status":"publish","type":"post","link":"https:\/\/www.ecuadoraldia.com.ec\/?p=11026","title":{"rendered":"Peri\u00f3dicos Extra, El Heraldo y El Correo cumplen con auditor\u00eda de tiraje"},"content":{"rendered":"<p style=\"text-align: justify;\"><a href=\"http:\/\/www.ecuadoraldia.com.ec\/wp-content\/uploads\/2015\/11\/15-11-09tirajediarios.png\"><img loading=\"lazy\" decoding=\"async\" class=\"alignleft size-full wp-image-11027\" src=\"http:\/\/www.ecuadoraldia.com.ec\/wp-content\/uploads\/2015\/11\/15-11-09tirajediarios.png\" alt=\"15-11-09tirajediarios\" width=\"290\" height=\"208\" \/><\/a>9 nov -2015. La Superintendencia de la Informaci\u00f3n y Comunicaci\u00f3n (SUPERCOM) contin\u00faa con la verificaci\u00f3n, mediante auditor\u00edas t\u00e9cnicas, de la veracidad del n\u00famero de ejemplares puestos en circulaci\u00f3n. Esta vez visit\u00f3 las instalaciones de diario Correo, en Machala; diario El Heraldo, en Ambato; y, diario Extra, en Guayaquil.<\/p>\n<p style=\"text-align: justify;\">La Intendencia Nacional de Auditor\u00eda e Intervenci\u00f3n T\u00e9cnica realiz\u00f3 la verificaci\u00f3n del tiraje, amparada en el art\u00edculo 90 de la Ley Org\u00e1nica de Comunicaci\u00f3n (LOC), que dispone: \u201cLos medios de comunicaci\u00f3n social impresos tendr\u00e1n la obligaci\u00f3n de incluir, en cada publicaci\u00f3n que editen, un espacio en el que se especifique el n\u00famero total de ejemplares puestos en circulaci\u00f3n, como medida de transparencia y acceso a la informaci\u00f3n. La Superintendencia de la Informaci\u00f3n y la Comunicaci\u00f3n podr\u00e1 auditar en cualquier momento el tiraje de los medios de comunicaci\u00f3n social impresos y comprobar la veracidad de las cifras de circulaci\u00f3n publicadas\u2026\u201d<\/p>\n<p style=\"text-align: justify;\">\nPara verificar las cifras de circulaci\u00f3n de ejemplares fueron contrastados documentos, de cada medio de comunicaci\u00f3n, en sus procesos de comercializaci\u00f3n, producci\u00f3n, distribuci\u00f3n y facturaci\u00f3n. Tras la revisi\u00f3n, se determin\u00f3 la veracidad del tiraje de los tres rotativos en las ediciones analizadas.<\/p>\n<p style=\"text-align: justify;\">Es as\u00ed como se precautelan los derechos de los lectores de medios impresos, de sus competidores y de las empresas, entidades y personas que pautan publicidad en ellos.<\/p>\n<p style=\"text-align: justify;\">Previo al inicio de las auditor\u00edas, la SUPERCOM desarrollo reuniones de socializaci\u00f3n con los directivos de los medios de comunicaci\u00f3n impresos de todo el pa\u00eds, en las que se explic\u00f3 la metodolog\u00eda de este proceso.<\/p>\n<p style=\"text-align: justify;\">Desde entonces personal de la SUPERCOM ha llegado hasta las instalaciones de 6 diarios, de varias provincias, para dar cumplimiento a la ley. Las auditor\u00edas continuar\u00e1n de manera aleatoria, a otros medios de comunicaci\u00f3n.(Fuente Supercom)<\/p>\n","protected":false},"excerpt":{"rendered":"<p>9 nov -2015. La Superintendencia de la Informaci\u00f3n y Comunicaci\u00f3n (SUPERCOM) contin\u00faa con la verificaci\u00f3n, mediante auditor\u00edas t\u00e9cnicas, de la<\/p>\n","protected":false},"author":1,"featured_media":0,"comment_status":"open","ping_status":"open","sticky":false,"template":"","format":"standard","meta":{"footnotes":""},"categories":[3],"tags":[],"_links":{"self":[{"href":"https:\/\/www.ecuadoraldia.com.ec\/index.php?rest_route=\/wp\/v2\/posts\/11026"}],"collection":[{"href":"https:\/\/www.ecuadoraldia.com.ec\/index.php?rest_route=\/wp\/v2\/posts"}],"about":[{"href":"https:\/\/www.ecuadoraldia.com.ec\/index.php?rest_route=\/wp\/v2\/types\/post"}],"author":[{"embeddable":true,"href":"https:\/\/www.ecuadoraldia.com.ec\/index.php?rest_route=\/wp\/v2\/users\/1"}],"replies":[{"embeddable":true,"href":"https:\/\/www.ecuadoraldia.com.ec\/index.php?rest_route=%2Fwp%2Fv2%2Fcomments&post=11026"}],"version-history":[{"count":1,"href":"https:\/\/www.ecuadoraldia.com.ec\/index.php?rest_route=\/wp\/v2\/posts\/11026\/revisions"}],"predecessor-version":[{"id":11028,"href":"https:\/\/www.ecuadoraldia.com.ec\/index.php?rest_route=\/wp\/v2\/posts\/11026\/revisions\/11028"}],"wp:attachment":[{"href":"https:\/\/www.ecuadoraldia.com.ec\/index.php?rest_route=%2Fwp%2Fv2%2Fmedia&parent=11026"}],"wp:term":[{"taxonomy":"category","embeddable":true,"href":"https:\/\/www.ecuadoraldia.com.ec\/index.php?rest_route=%2Fwp%2Fv2%2Fcategories&post=11026"},{"taxonomy":"post_tag","embeddable":true,"href":"https:\/\/www.ecuadoraldia.com.ec\/index.php?rest_route=%2Fwp%2Fv2%2Ftags&post=11026"}],"curies":[{"name":"wp","href":"https:\/\/api.w.org\/{rel}","templated":true}]}}