{"id":1103,"date":"2014-01-19T16:18:01","date_gmt":"2014-01-19T16:18:01","guid":{"rendered":"http:\/\/www.ecuadoraldia.com.ec\/?p=1103"},"modified":"2014-01-19T16:18:01","modified_gmt":"2014-01-19T16:18:01","slug":"gobierno-anuncia-reglas-a-importacion-de-trigo","status":"publish","type":"post","link":"https:\/\/www.ecuadoraldia.com.ec\/?p=1103","title":{"rendered":"Gobierno anuncia reglas a importaci\u00f3n de trigo"},"content":{"rendered":"<p><a href=\"http:\/\/www.ecuadoraldia.com.ec\/wp-content\/uploads\/2014\/01\/Correa-en.jpg\"><img loading=\"lazy\" decoding=\"async\" src=\"http:\/\/www.ecuadoraldia.com.ec\/wp-content\/uploads\/2014\/01\/Correa-en.jpg\" alt=\"ENLACE CIUDADANO # 186\" width=\"240\" height=\"158\" class=\"alignleft size-full wp-image-1104\" \/><\/a>El plan para limitar las importaciones del pa\u00eds alcanza al pan, uno de los alimentos de consumo masivo. El Gobierno anuncia una regulaci\u00f3n que condicionar\u00eda la importaci\u00f3n de harina de trigo, a la compra de banano verde. Ayer, en su cadena sabatina, el presidente Rafael Correa adelant\u00f3 un proyecto para la elaboraci\u00f3n de pan que contenga un 5 % de harina de banano. \u00abVamos a poner reglas. Ud. quiere importar trigo, perfecto (&#8230;). Si importa 100 toneladas de harina, compra 5 toneladas de banano, para que me produzca pan con banano\u00bb. Seg\u00fan el mandatario, la compra de ese 5 % de la fruta sustituir\u00eda la importaci\u00f3n de 20.000 toneladas de trigo y har\u00eda que suba hasta 1 d\u00f3lar el precio del banano por el aumento de demanda nacional. Byron Proa\u00f1o, viceministro de Industrias y Productividad, mencion\u00f3 que para este proyecto se usar\u00eda el excedente del banano verde de exportaci\u00f3n, proveniente de El Oro, Los R\u00edos y Guayas. Agreg\u00f3 que el ahorro ser\u00eda de $ 7,7 millones si se utiliza el 5 % de la harina de banano. La idea es llegar a sustituir hasta el 10 %, que significar\u00edan $ 15 millones, seg\u00fan estim\u00f3 el funcionario.<\/p>\n<p>Crisis bancaria<\/p>\n<p>1.Correa anunci\u00f3 que en 2014 \u00abenterrar\u00e1\u00bb la crisis bancaria de 1999, pero advirti\u00f3 a los deudores de la banca cerrada con declararlos insolventes, si no pagan sus obligaciones. Bajo esa condici\u00f3n de insolvencia, los afectados pierden el control de sus bienes, no pueden firmar contratos ni salir del pa\u00eds sin la autorizaci\u00f3n del juez. Patricio Rivera, ministro coordinador de la Pol\u00edtica Econ\u00f3mica, inform\u00f3 que el monto de la deuda asciende a $ 2.347 millones, sin intereses. Explic\u00f3 que el cobro se ha dividido, por un lado, para exaccionistas, administradores o familiares de estos; y por otro, para aquellas personas no vinculadas. Indic\u00f3 que la recuperaci\u00f3n se realiza mediante juicio de coactiva o por declaraci\u00f3n de insolvencia financiera. El ministro dijo que la ley para el cierre de la crisis bancaria, que se enviar\u00e1 a la Asamblea Nacional, permitir\u00e1 rehabilitar los procesos sin perjudicar a los denominados deudores de buena fe.<\/p>\n<p>Cr\u00edticas a ONU<\/p>\n<p>2. El presidente critic\u00f3 a la Organizaci\u00f3n de las Naciones Unidas (ONU) y la Corte Interamericana de Derechos Humanos (CIDH) porque pidieron explicaciones, a trav\u00e9s de cartas, respecto de su posici\u00f3n antiaborto y la decisi\u00f3n de explotar petr\u00f3leo en el Yasun\u00ed. \u00abSe\u00f1ores, vayan a meterse en sus asuntos y no en los asuntos de un pa\u00eds soberano como Ecuador\u00bb, refut\u00f3. Sobre la ONU, dijo: \u00abNos mandaron a pedir explicaciones y, lastimosamente, nuestro embajador en Ginebra ante la ONU ha contestado esa carta. Ya vamos a hacer los ajustes del caso\u00bb.  (Expreso)<\/p>\n","protected":false},"excerpt":{"rendered":"<p>El plan para limitar las importaciones del pa\u00eds alcanza al pan, uno de los alimentos de consumo masivo. El Gobierno<\/p>\n","protected":false},"author":1,"featured_media":0,"comment_status":"open","ping_status":"open","sticky":false,"template":"","format":"standard","meta":{"footnotes":""},"categories":[9],"tags":[],"_links":{"self":[{"href":"https:\/\/www.ecuadoraldia.com.ec\/index.php?rest_route=\/wp\/v2\/posts\/1103"}],"collection":[{"href":"https:\/\/www.ecuadoraldia.com.ec\/index.php?rest_route=\/wp\/v2\/posts"}],"about":[{"href":"https:\/\/www.ecuadoraldia.com.ec\/index.php?rest_route=\/wp\/v2\/types\/post"}],"author":[{"embeddable":true,"href":"https:\/\/www.ecuadoraldia.com.ec\/index.php?rest_route=\/wp\/v2\/users\/1"}],"replies":[{"embeddable":true,"href":"https:\/\/www.ecuadoraldia.com.ec\/index.php?rest_route=%2Fwp%2Fv2%2Fcomments&post=1103"}],"version-history":[{"count":1,"href":"https:\/\/www.ecuadoraldia.com.ec\/index.php?rest_route=\/wp\/v2\/posts\/1103\/revisions"}],"predecessor-version":[{"id":1105,"href":"https:\/\/www.ecuadoraldia.com.ec\/index.php?rest_route=\/wp\/v2\/posts\/1103\/revisions\/1105"}],"wp:attachment":[{"href":"https:\/\/www.ecuadoraldia.com.ec\/index.php?rest_route=%2Fwp%2Fv2%2Fmedia&parent=1103"}],"wp:term":[{"taxonomy":"category","embeddable":true,"href":"https:\/\/www.ecuadoraldia.com.ec\/index.php?rest_route=%2Fwp%2Fv2%2Fcategories&post=1103"},{"taxonomy":"post_tag","embeddable":true,"href":"https:\/\/www.ecuadoraldia.com.ec\/index.php?rest_route=%2Fwp%2Fv2%2Ftags&post=1103"}],"curies":[{"name":"wp","href":"https:\/\/api.w.org\/{rel}","templated":true}]}}