{"id":1107,"date":"2014-01-20T23:00:59","date_gmt":"2014-01-20T23:00:59","guid":{"rendered":"http:\/\/www.ecuadoraldia.com.ec\/?p=1107"},"modified":"2014-01-20T23:00:59","modified_gmt":"2014-01-20T23:00:59","slug":"aprobar-el-codigo-financiero-sera-una-lucha-politica-tenaz","status":"publish","type":"post","link":"https:\/\/www.ecuadoraldia.com.ec\/?p=1107","title":{"rendered":"\u2018Aprobar el c\u00f3digo financiero ser\u00e1 una lucha pol\u00edtica tenaz\u2019"},"content":{"rendered":"<p><a href=\"http:\/\/www.ecuadoraldia.com.ec\/wp-content\/uploads\/2014\/01\/des-correa.jpg\"><img loading=\"lazy\" decoding=\"async\" src=\"http:\/\/www.ecuadoraldia.com.ec\/wp-content\/uploads\/2014\/01\/des-correa-300x199.jpg\" alt=\"des-correa\" width=\"300\" height=\"199\" class=\"alignleft size-medium wp-image-1108\" srcset=\"https:\/\/www.ecuadoraldia.com.ec\/wp-content\/uploads\/2014\/01\/des-correa-300x199.jpg 300w, https:\/\/www.ecuadoraldia.com.ec\/wp-content\/uploads\/2014\/01\/des-correa.jpg 530w\" sizes=\"(max-width: 300px) 100vw, 300px\" \/><\/a>Rafael Correa no tiene este a\u00f1o prop\u00f3sitos expl\u00edcitos como los tres que se impuso en 2013 y que pudo cumplir: ganar en primera vuelta, ascender al Cotopaxi y ver a Emelec campe\u00f3n. Ahora su objetivo inmediato es ganar las elecciones del 23 de febrero con la lista 35.<\/p>\n<p>El economista y catedr\u00e1tico ha ganado una enorme experiencia en el conocimiento de su pa\u00eds: no hay rinc\u00f3n o proyecto en marcha que no pase por su mente, incluso las cifras de sus costos y sus ventajas sociales. Por ejemplo, el martes pasado, tras escuchar a los t\u00e9cnicos c\u00f3mo avanza el puerto artesanal de Esmeraldas, pregunt\u00f3 a quienes le rodeaban si se hab\u00eda previsto construir ah\u00ed una guarder\u00eda para atender a las familias de casi tres mil pescadores. O m\u00e1s tarde, ya en las instalaciones del nuevo aeropuerto esmeralde\u00f1o Coronel Carlos Concha Torres, solicit\u00f3 datos sobre pasajeros, costos e inmediatamente hizo c\u00e1lculos y propuso salidas y\/o rectificaciones.<\/p>\n<p>El Mandatario retiene en la mente los datos y cifras de casi todos los proyectos que ha emprendido.<br \/>\nCada visita suya a cualquier rinc\u00f3n del pa\u00eds provoca la movilizaci\u00f3n de personas y organizaciones. Todos quieren hablar, proponerle algo o criticar la gesti\u00f3n de alg\u00fan funcionario, pero \u00e9l sabe a qu\u00e9 va y el tiempo es su mayor tesoro. De ah\u00ed que su equipo cercano calcule cronometradamente traslado, estancia, discurso y movilizaci\u00f3n general.<\/p>\n<p>Subido en el avi\u00f3n, no pierde tiempo para sugerirme ver el avance de la carretera hacia el aeropuerto de Quito o para preguntarle a su ministra de Transporte y Obras P\u00fablicas, Mar\u00eda de los \u00c1ngeles Duarte, qu\u00e9 pas\u00f3 y cu\u00e1nto se redujo el costo de la obra por un cambio hecho para evitar un paso complejo.<\/p>\n<p>As\u00ed como tiene el mapa de obras del pa\u00eds, tambi\u00e9n en su mente est\u00e1n guardadas las acciones y palabras de la oposici\u00f3n, de la prensa y de algunos analistas y editorialistas. En su l\u00f3gica pol\u00edtica es evidente que no deja espacio para la mentira, la tergiversaci\u00f3n o el dato equivocado que sirve para distorsionar su gesti\u00f3n o a su persona.<\/p>\n<p>Se niega a reconocerse como pol\u00edtico en la definici\u00f3n tradicional. Sin embargo, lleva dentro y se manifiesta ese pol\u00edtico por excelencia: genera pol\u00edtica, pone a debatir a sus contradictores, administra las diferencias de sus ministros hasta donde tengan opci\u00f3n de resolverlas sin su presencia, da tips a los candidatos a las alcald\u00edas y prefecturas para sus discursos y es pedag\u00f3gico con la gente en cada exposici\u00f3n.<\/p>\n<p>La entrevista fue realizada el martes 14 de enero en Quito y Esmeraldas.<br \/>\nAl revisar las fotos de hace siete a\u00f1os, hay im\u00e1genes que prueban el paso del tiempo y los cambios ocurridos en el pa\u00eds por donde ha pasado la Revoluci\u00f3n Ciudadana. Y en particular, esas im\u00e1genes revelan a un Rafael Correa ya maduro y adusto, m\u00e1s reacio a la palabra o al halago f\u00e1cil. Su intensidad laboral, su tensi\u00f3n pol\u00edtica con la oposici\u00f3n y la presi\u00f3n con su gabinete construyen el perfil del presidente futuro cuando deje Carondelet en el 2017.<\/p>\n<p>No piensa en la reelecci\u00f3n. Cuando se le consulta sus ojos miran de frente y no evade el tema para pasar a otro porque ya le parece que ha dicho suficiente estos a\u00f1os. Y tampoco deja de lado el humor, a veces \u00e1cido, que le provoca a s\u00ed mismo risas incontenibles. Explota su capacidad para poner un apodo o para se\u00f1alar un defecto.<\/p>\n<p>En otras palabras, durante estos siete a\u00f1os (n\u00famero paradigm\u00e1tico para muchos y en especial para los cartom\u00e1nticos) el presidente Rafael Correa sabe de su liderazgo y de su capacidad para incidir en cada aspecto, pero se le nota tambi\u00e9n, a ratos, frustrado porque no todo sale a tiempo y porque cree que deber\u00eda haber mejores pol\u00edticos en la oposici\u00f3n para cambiar el Ecuador.(El Tel\u00e8grafo)<\/p>\n","protected":false},"excerpt":{"rendered":"<p>Rafael Correa no tiene este a\u00f1o prop\u00f3sitos expl\u00edcitos como los tres que se impuso en 2013 y que pudo cumplir:<\/p>\n","protected":false},"author":1,"featured_media":0,"comment_status":"open","ping_status":"open","sticky":false,"template":"","format":"standard","meta":{"footnotes":""},"categories":[9],"tags":[],"_links":{"self":[{"href":"https:\/\/www.ecuadoraldia.com.ec\/index.php?rest_route=\/wp\/v2\/posts\/1107"}],"collection":[{"href":"https:\/\/www.ecuadoraldia.com.ec\/index.php?rest_route=\/wp\/v2\/posts"}],"about":[{"href":"https:\/\/www.ecuadoraldia.com.ec\/index.php?rest_route=\/wp\/v2\/types\/post"}],"author":[{"embeddable":true,"href":"https:\/\/www.ecuadoraldia.com.ec\/index.php?rest_route=\/wp\/v2\/users\/1"}],"replies":[{"embeddable":true,"href":"https:\/\/www.ecuadoraldia.com.ec\/index.php?rest_route=%2Fwp%2Fv2%2Fcomments&post=1107"}],"version-history":[{"count":1,"href":"https:\/\/www.ecuadoraldia.com.ec\/index.php?rest_route=\/wp\/v2\/posts\/1107\/revisions"}],"predecessor-version":[{"id":1109,"href":"https:\/\/www.ecuadoraldia.com.ec\/index.php?rest_route=\/wp\/v2\/posts\/1107\/revisions\/1109"}],"wp:attachment":[{"href":"https:\/\/www.ecuadoraldia.com.ec\/index.php?rest_route=%2Fwp%2Fv2%2Fmedia&parent=1107"}],"wp:term":[{"taxonomy":"category","embeddable":true,"href":"https:\/\/www.ecuadoraldia.com.ec\/index.php?rest_route=%2Fwp%2Fv2%2Fcategories&post=1107"},{"taxonomy":"post_tag","embeddable":true,"href":"https:\/\/www.ecuadoraldia.com.ec\/index.php?rest_route=%2Fwp%2Fv2%2Ftags&post=1107"}],"curies":[{"name":"wp","href":"https:\/\/api.w.org\/{rel}","templated":true}]}}