{"id":11137,"date":"2015-11-25T23:12:23","date_gmt":"2015-11-25T23:12:23","guid":{"rendered":"http:\/\/www.ecuadoraldia.com.ec\/?p=11137"},"modified":"2015-11-25T23:12:23","modified_gmt":"2015-11-25T23:12:23","slug":"moreno-podria-ser-candidato-le-confio-correa-a-evo","status":"publish","type":"post","link":"https:\/\/www.ecuadoraldia.com.ec\/?p=11137","title":{"rendered":"Moreno podr\u00eda ser candidato, le confi\u00f3 Correa a Evo"},"content":{"rendered":"<p style=\"text-align: justify;\"><a href=\"http:\/\/www.ecuadoraldia.com.ec\/wp-content\/uploads\/2015\/11\/LENINMORENO1.jpg\"><img loading=\"lazy\" decoding=\"async\" class=\"alignleft size-medium wp-image-11138\" src=\"http:\/\/www.ecuadoraldia.com.ec\/wp-content\/uploads\/2015\/11\/LENINMORENO1-300x228.jpg\" alt=\"LENINMORENO1\" width=\"300\" height=\"228\" srcset=\"https:\/\/www.ecuadoraldia.com.ec\/wp-content\/uploads\/2015\/11\/LENINMORENO1-300x228.jpg 300w, https:\/\/www.ecuadoraldia.com.ec\/wp-content\/uploads\/2015\/11\/LENINMORENO1.jpg 305w\" sizes=\"(max-width: 300px) 100vw, 300px\" \/><\/a>Agencia AFP. El presidente boliviano Evo Morales asegur\u00f3 el mi\u00e9rcoles que su hom\u00f3logo ecuatoriano Rafael Correa le confes\u00f3 que no ir\u00e1 a la reelecci\u00f3n por razones familiares y que, por el oficialismo, se perfila a postular el exvicepresidente Lenin Moreno.<\/p>\n<p style=\"text-align: justify;\">Morales se\u00f1al\u00f3, en una conferencia de prensa en La Paz, que Correa le hizo la revelaci\u00f3n durante un encuentro personal, aunque no precis\u00f3 d\u00f3nde ni cu\u00e1ndo.<\/p>\n<p style=\"text-align: justify;\">\u00abMe dijo: &#8216;presidente, no voy a ir a la repostulaci\u00f3n&#8217;. Pregunt\u00e9 por qu\u00e9 y me dijo: &#8216;la familia&#8217;. Porque su esposa es europea\u00bb, la educadora belga-ecuatoriana Anne Malherbe Gosselin, relat\u00f3 el mandatario boliviano.<\/p>\n<p style=\"text-align: justify;\">Dando m\u00e1s detalles de la conversaci\u00f3n, Morales precis\u00f3: \u00abconvers\u00f3 conmigo, me inform\u00f3 antes de esa decisi\u00f3n, somos amigos, somos compa\u00f1eros, tenemos mucha confianza, cualquier momento nos comunicamos telef\u00f3nicamente, tengo mucho respeto y admiraci\u00f3n por el presidente Correa\u00bb.<\/p>\n<p style=\"text-align: justify;\">El mandatario ecuatoriano, en el poder desde 2007, a\u00fan no confirm\u00f3 oficialmente si ir\u00e1 a la reelecci\u00f3n en 2017, aunque agradeci\u00f3 la semana pasada que su partido aprobara una reforma constitucional en el Congreso que evita la reelecci\u00f3n indefinida para quien lleva dos mandatos consecutivos, una figura que lo excluye a \u00e9l para seguir en el poder.<\/p>\n<p style=\"text-align: justify;\">Morales complement\u00f3 que cuando le consult\u00f3 qui\u00e9n ser\u00eda el sucesor del oficialismo, Correa \u00abexplic\u00f3 que es su exvicepresidente quien va a ser candidato, pero que no est\u00e1 decidido\u00bb.<\/p>\n<p style=\"text-align: justify;\">En Quito se menciona al exvicepresidente Lenin Moreno y al actual vicepresidente Jorge Glas como posibles candidatos oficialistas.<\/p>\n<p style=\"text-align: justify;\">El gobernante boliviano, quien empuja una reforma constitucional v\u00eda referendo para postularse por cinco a\u00f1os m\u00e1s al culminar su tercer mandato en 2020, dijo respetar la decisi\u00f3n de su colega.<\/p>\n<p style=\"text-align: justify;\">Morales, quien asumi\u00f3 en 2006, reconoci\u00f3 que piensa diferente a Correa. \u00abPara m\u00ed primero es Bolivia y despu\u00e9s la familia, ese es el problema que tengo, reconozco, pero cuando uno se encari\u00f1a con Bolivia y cuando hay resultados,(existen) muchas m\u00e1s ganas para seguir trabajando\u00bb, asegur\u00f3.<\/p>\n<p style=\"text-align: justify;\">Morales es el gobernante con mayor tiempo en el poder en Bolivia y aspira a gobernar hasta 2025. (I)<\/p>\n","protected":false},"excerpt":{"rendered":"<p>Agencia AFP. El presidente boliviano Evo Morales asegur\u00f3 el mi\u00e9rcoles que su hom\u00f3logo ecuatoriano Rafael Correa le confes\u00f3 que no<\/p>\n","protected":false},"author":1,"featured_media":0,"comment_status":"open","ping_status":"open","sticky":false,"template":"","format":"standard","meta":{"footnotes":""},"categories":[3],"tags":[],"_links":{"self":[{"href":"https:\/\/www.ecuadoraldia.com.ec\/index.php?rest_route=\/wp\/v2\/posts\/11137"}],"collection":[{"href":"https:\/\/www.ecuadoraldia.com.ec\/index.php?rest_route=\/wp\/v2\/posts"}],"about":[{"href":"https:\/\/www.ecuadoraldia.com.ec\/index.php?rest_route=\/wp\/v2\/types\/post"}],"author":[{"embeddable":true,"href":"https:\/\/www.ecuadoraldia.com.ec\/index.php?rest_route=\/wp\/v2\/users\/1"}],"replies":[{"embeddable":true,"href":"https:\/\/www.ecuadoraldia.com.ec\/index.php?rest_route=%2Fwp%2Fv2%2Fcomments&post=11137"}],"version-history":[{"count":1,"href":"https:\/\/www.ecuadoraldia.com.ec\/index.php?rest_route=\/wp\/v2\/posts\/11137\/revisions"}],"predecessor-version":[{"id":11139,"href":"https:\/\/www.ecuadoraldia.com.ec\/index.php?rest_route=\/wp\/v2\/posts\/11137\/revisions\/11139"}],"wp:attachment":[{"href":"https:\/\/www.ecuadoraldia.com.ec\/index.php?rest_route=%2Fwp%2Fv2%2Fmedia&parent=11137"}],"wp:term":[{"taxonomy":"category","embeddable":true,"href":"https:\/\/www.ecuadoraldia.com.ec\/index.php?rest_route=%2Fwp%2Fv2%2Fcategories&post=11137"},{"taxonomy":"post_tag","embeddable":true,"href":"https:\/\/www.ecuadoraldia.com.ec\/index.php?rest_route=%2Fwp%2Fv2%2Ftags&post=11137"}],"curies":[{"name":"wp","href":"https:\/\/api.w.org\/{rel}","templated":true}]}}