{"id":11146,"date":"2015-11-25T23:33:26","date_gmt":"2015-11-25T23:33:26","guid":{"rendered":"http:\/\/www.ecuadoraldia.com.ec\/?p=11146"},"modified":"2015-11-25T23:33:26","modified_gmt":"2015-11-25T23:33:26","slug":"papa-llama-a-dirigentes-del-planeta-a-promover-modelos-responsables-de-desarrollo-economico","status":"publish","type":"post","link":"https:\/\/www.ecuadoraldia.com.ec\/?p=11146","title":{"rendered":"PAPA llama a dirigentes del planeta a promover \u00abmodelos responsables de desarrollo econ\u00f3mico\u00bb"},"content":{"rendered":"<p style=\"text-align: justify;\"><a href=\"http:\/\/www.ecuadoraldia.com.ec\/wp-content\/uploads\/2015\/11\/papa.jpg\"><img loading=\"lazy\" decoding=\"async\" class=\"alignleft size-medium wp-image-11147\" src=\"http:\/\/www.ecuadoraldia.com.ec\/wp-content\/uploads\/2015\/11\/papa-300x157.jpg\" alt=\"papa\" width=\"300\" height=\"157\" srcset=\"https:\/\/www.ecuadoraldia.com.ec\/wp-content\/uploads\/2015\/11\/papa-300x157.jpg 300w, https:\/\/www.ecuadoraldia.com.ec\/wp-content\/uploads\/2015\/11\/papa.jpg 599w\" sizes=\"(max-width: 300px) 100vw, 300px\" \/><\/a>El papa Francisco llam\u00f3 el mi\u00e9rcoles en Kenia a luchar contra \u00abla pobreza y la frustraci\u00f3n\u00bb, que propician \u00ablos conflictos y el terrorismo\u00bb, y a repartir de manera \u00abjusta\u00bb los recursos naturales y humanos.<\/p>\n<p style=\"text-align: justify;\">El Pont\u00edfice tambi\u00e9n pidi\u00f3 a los dirigentes del planeta que promuevan \u00abmodelos responsables de desarrollo econ\u00f3mico\u00bb para afrontar \u00abla grave crisis medioambiental que amenaza al mundo\u00bb.<\/p>\n<p style=\"text-align: justify;\">Francisco inici\u00f3 este mi\u00e9rcoles su primera gira por \u00c1frica, al aterrizar en la capital de Kenia, y tiene previsto visitar tambi\u00e9n Uganda y Rep\u00fablica Centroafricana.<\/p>\n<p style=\"text-align: justify;\">\u00abLa experiencia nos demuestra que la violencia, los conflictos y el terrorismo se alimentan del miedo, la desconfianza y la desesperaci\u00f3n, que tienen su origen en la pobreza y la frustraci\u00f3n\u00bb, destac\u00f3 el Papa argentino ante dirigentes kenianos.<\/p>\n<p style=\"text-align: justify;\">\u00abLes exhorto, en particular, a preocuparse verdaderamente por las necesidades de los pobres, las aspiraciones de los j\u00f3venes y una justa distribuci\u00f3n de los recursos naturales y humanos\u00bb, afirm\u00f3.<\/p>\n<p style=\"text-align: justify;\">Adem\u00e1s, estim\u00f3, \u00abexiste una clara relaci\u00f3n entre la protecci\u00f3n de la naturaleza y la construcci\u00f3n de un orden social justo y equitativo\u00bb.<\/p>\n<p style=\"text-align: justify;\">As\u00ed, Francisco pidi\u00f3 a los dirigentes del planeta que promuevan \u00abmodelos responsables de desarrollo econ\u00f3mico\u00bb para afrontar \u00abla grave crisis medioambiental que amenaza al mundo\u00bb.<\/p>\n<p style=\"text-align: justify;\">\u00abTenemos la responsabilidad de transmitir a las generaciones futuras la belleza de la naturaleza en su integridad, y la obligaci\u00f3n de administrar adecuadamente los dones que hemos recibido\u00bb, puntualiz\u00f3, tras un encuentro con el presidente keniano Uhuru Kenyatta.<\/p>\n<p style=\"text-align: justify;\">Una sociedad que, \u00aben vez de proteger, sigue explotando\u00bb<\/p>\n<p style=\"text-align: justify;\">En una sociedad \u00abque, en vez de proteger, sigue explotando nuestra casa com\u00fan, estos valores deben inspirar los esfuerzos de los l\u00edderes nacionales para promover modelos responsables de desarrollo econ\u00f3mico\u00bb, a\u00f1adi\u00f3.<\/p>\n<p style=\"text-align: justify;\">Previamente, tambi\u00e9n este mi\u00e9rcoles, bailarines y un coro hab\u00edan dado la bienvenida al papa en el aeropuerto de Nairobi. Las banderas de Kenia y el Vaticano se izaron desde la cabina de tripulaci\u00f3n poco despu\u00e9s del aterrizaje y Kenyatta recibi\u00f3 al papa en el aeropuerto, sobre una alfombra roja de bienvenida.<\/p>\n<p style=\"text-align: justify;\">Francisco sonri\u00f3 y salud\u00f3 con la mano cuando sal\u00eda del avi\u00f3n, al tiempo que la multitud lo ovacionaba.<\/p>\n<p style=\"text-align: justify;\">Las autoridades hab\u00edan movilizado a unos 10.000 militares para garantizar la seguridad del papa argentino.<\/p>\n<p style=\"text-align: justify;\">El Papa escogi\u00f3 para la primera gira por este continente tres pa\u00edses azotados en forma distinta por las desigualdades sociales, la corrupci\u00f3n y la violencia islamista.<\/p>\n<p style=\"text-align: justify;\">Francisco, de 78 a\u00f1os, desea promover la paz, la reconciliaci\u00f3n, la justicia social y el di\u00e1logo entre el islam y el cristianismo durante los cinco densos d\u00edas que pasar\u00e1 en el continente, del 25 al 30 de noviembre.<\/p>\n<p style=\"text-align: justify;\">Al saludar a cada uno de los 75 periodistas que lo acompa\u00f1an en el avi\u00f3n papal, Francisco expres\u00f3 su deseo de que el viaje \u00abd\u00e9 los mejores frutos, tanto espirituales como materiales\u00bb a los africanos.<\/p>\n<p style=\"text-align: justify;\">Cuando un periodista le pregunt\u00f3 si estaba nervioso por las amenazas de atentados lanzadas antes de partir, el pont\u00edfice argentino, que nunca hab\u00eda pisado tierra africana, respondi\u00f3 con una sonrisa: \u00abEn realidad le tengo m\u00e1s miedo a los mosquitos\u00bb, dijo.<\/p>\n<p style=\"text-align: justify;\">El programa del und\u00e9cimo viaje al exterior de Francisco incluye 19 discursos y numerosos encuentros con la poblaci\u00f3n local.<\/p>\n<p style=\"text-align: justify;\">Francisco presidir\u00e1 el jueves un encuentro interreligioso en Kenia, un pa\u00eds que cuenta con muchos musulmanes y protestantes.<\/p>\n<p style=\"text-align: justify;\">El viernes visitar\u00e1 el barrio m\u00e1s pobre y grande de ese pa\u00eds, Kangemi, donde se encontrar\u00e1 con los \u00abmovimientos populares\u00bb, cristianos y no cristianos.<\/p>\n<p style=\"text-align: justify;\">En Uganda, segunda etapa del viaje, Francisco se reunir\u00e1 con el presidente, Yoweri Museveni y despu\u00e9s visitar\u00e1 Munyonyo, donde fueron condenados a muerte m\u00e1rtires cat\u00f3licos y anglicanos.<\/p>\n<p style=\"text-align: justify;\">El Papa rendir\u00e1 homenaje as\u00ed a todos los m\u00e1rtires cristianos de \u00c1frica y celebrar\u00e1 una misa en un santuario para conmemorar a los primeros santos, 22 j\u00f3venes cristianos que fueron quemados vivos a finales del siglo XIX por haber rechazado convertirse en esclavos sexuales.<\/p>\n<p style=\"text-align: justify;\">Por su parte, la principal organizaci\u00f3n ugandesa de defensa de los homosexuales afirm\u00f3 este mi\u00e9rcoles que militantes gays cat\u00f3licos de Uganda solicitaron una audiencia privada al papa cuando visite este pa\u00eds africano esta semana.<\/p>\n<p style=\"text-align: justify;\">La etapa m\u00e1s peligrosa de su recorrido ser\u00e1 la \u00faltima, Bangui, capital de la Rep\u00fablica Centroafricana, adonde llegar\u00e1 el domingo 29, seg\u00fan el programa oficial.<\/p>\n<p style=\"text-align: justify;\">All\u00ed tiene planeada una visita a la mezquita del barrio-fortaleza \u00e1rabe, a un campamento de refugiados y a las v\u00edctimas de la guerra civil.<\/p>\n<p style=\"text-align: justify;\">Francisco inaugurar\u00e1 el jubileo extraordinario en \u00c1frica, al abrir la puerta santa de la catedral de Bangui, diez d\u00edas antes de que se inicie con una ceremonia solemne en el Vaticano.<\/p>\n<p style=\"text-align: justify;\">No se excluye que tenga que cambiar en el \u00faltimo momento sus planes debido a la violencia entre milicias musulmanes y cristianas y a la inseguridad que reina en ese pa\u00eds.<\/p>\n<p style=\"text-align: justify;\">\u00abNo hemos recibido amenazas contra el papa, solo muy gen\u00e9ricas. Obvio que estamos preocupados, no somos unos inconscientes. El Papa se siente sereno y no quiere cambiar su programa de viaje\u00bb, reconoci\u00f3 el martes Costanzo Alessandrino, vicecomandante de la Gendarmer\u00eda vaticana, en un programa de televisi\u00f3n del canal italiano Rete4. (I)<\/p>\n","protected":false},"excerpt":{"rendered":"<p>El papa Francisco llam\u00f3 el mi\u00e9rcoles en Kenia a luchar contra \u00abla pobreza y la frustraci\u00f3n\u00bb, que propician \u00ablos conflictos<\/p>\n","protected":false},"author":1,"featured_media":0,"comment_status":"open","ping_status":"open","sticky":false,"template":"","format":"standard","meta":{"footnotes":""},"categories":[7],"tags":[],"_links":{"self":[{"href":"https:\/\/www.ecuadoraldia.com.ec\/index.php?rest_route=\/wp\/v2\/posts\/11146"}],"collection":[{"href":"https:\/\/www.ecuadoraldia.com.ec\/index.php?rest_route=\/wp\/v2\/posts"}],"about":[{"href":"https:\/\/www.ecuadoraldia.com.ec\/index.php?rest_route=\/wp\/v2\/types\/post"}],"author":[{"embeddable":true,"href":"https:\/\/www.ecuadoraldia.com.ec\/index.php?rest_route=\/wp\/v2\/users\/1"}],"replies":[{"embeddable":true,"href":"https:\/\/www.ecuadoraldia.com.ec\/index.php?rest_route=%2Fwp%2Fv2%2Fcomments&post=11146"}],"version-history":[{"count":1,"href":"https:\/\/www.ecuadoraldia.com.ec\/index.php?rest_route=\/wp\/v2\/posts\/11146\/revisions"}],"predecessor-version":[{"id":11148,"href":"https:\/\/www.ecuadoraldia.com.ec\/index.php?rest_route=\/wp\/v2\/posts\/11146\/revisions\/11148"}],"wp:attachment":[{"href":"https:\/\/www.ecuadoraldia.com.ec\/index.php?rest_route=%2Fwp%2Fv2%2Fmedia&parent=11146"}],"wp:term":[{"taxonomy":"category","embeddable":true,"href":"https:\/\/www.ecuadoraldia.com.ec\/index.php?rest_route=%2Fwp%2Fv2%2Fcategories&post=11146"},{"taxonomy":"post_tag","embeddable":true,"href":"https:\/\/www.ecuadoraldia.com.ec\/index.php?rest_route=%2Fwp%2Fv2%2Ftags&post=11146"}],"curies":[{"name":"wp","href":"https:\/\/api.w.org\/{rel}","templated":true}]}}