{"id":11152,"date":"2015-11-25T23:49:33","date_gmt":"2015-11-25T23:49:33","guid":{"rendered":"http:\/\/www.ecuadoraldia.com.ec\/?p=11152"},"modified":"2015-11-25T23:49:33","modified_gmt":"2015-11-25T23:49:33","slug":"el-jefe-de-farc-exige-cambios-para-acelerar-el-dialogo-de-paz","status":"publish","type":"post","link":"https:\/\/www.ecuadoraldia.com.ec\/?p=11152","title":{"rendered":"El jefe de FARC exige cambios para acelerar el di\u00e1logo de paz\u00a0"},"content":{"rendered":"<p style=\"text-align: justify;\"><a href=\"http:\/\/www.ecuadoraldia.com.ec\/wp-content\/uploads\/2015\/11\/farc.jpg\"><img loading=\"lazy\" decoding=\"async\" class=\"alignleft size-medium wp-image-11153\" src=\"http:\/\/www.ecuadoraldia.com.ec\/wp-content\/uploads\/2015\/11\/farc-300x169.jpg\" alt=\"farc\" width=\"300\" height=\"169\" srcset=\"https:\/\/www.ecuadoraldia.com.ec\/wp-content\/uploads\/2015\/11\/farc-300x169.jpg 300w, https:\/\/www.ecuadoraldia.com.ec\/wp-content\/uploads\/2015\/11\/farc.jpg 770w\" sizes=\"(max-width: 300px) 100vw, 300px\" \/><\/a>El guerrillero \u00abTimochenko\u00bb propuso la creaci\u00f3n de una \u00abdirecci\u00f3n ejecutiva\u00bb, integrada por los dos jefes de las partes, que tome decisiones frente a pr\u00f3ximos obst\u00e1culos. Afirm\u00f3 que permitir\u00e1 m\u00e1s tolerancia en las negociaciones<\/p>\n<p style=\"text-align: justify;\">Timochenko, jefe m\u00e1ximo de las FARC\u00bbTimochenko\u00bb, jefe m\u00e1ximo de las FARC<br \/>\nTimole\u00f3n Jim\u00e9nez alias Timochenko, jefe de la guerrilla FARC, acept\u00f3 la propuesta hecha por el presidente colombiano, Juan Manuel Santos, de acelerar el proceso de paz, que las partes discuten en La Habana, mediante un cambio en el m\u00e9todo actual de discusi\u00f3n.<\/p>\n<p style=\"text-align: justify;\">La semana pasada, Santos propuso una suerte de \u00abc\u00f3nclave\u00bb entre las delegaciones de paz en Cuba, a fin de acelerar las discusiones y sellar en breve el acuerdo que pondr\u00e1 fin a 60 a\u00f1os de lucha armada. Con ese prop\u00f3sito, el presidente envi\u00f3 a su hermano, Enrique Santos, para que hablara con la dirigencia de FARC.<\/p>\n<p style=\"text-align: justify;\">Ambas partes acordaron el pasado 23 de septiembre en La Habana que el pr\u00f3ximo 23 de marzo ser\u00eda la fecha m\u00e1xima para firmar la paz, confiados en que tan solo resta la firma de uno de los cinco puntos pactados de discusi\u00f3n.<\/p>\n<p style=\"text-align: justify;\">Sin embargo, trascendi\u00f3 que algunos aspectos puntuales de los cuatro puntos hasta ahora acordados requieren de mayores discusiones, lo que retrasa la discusi\u00f3n del \u00faltimo \u00edtem, que pese a todo adelanta una subcomisi\u00f3n.<\/p>\n<p style=\"text-align: justify;\">Frente a la propuesta del \u00abc\u00f3nclave\u00bb hecha por Santos, el jefe de las FARC dijo que le parec\u00eda \u00abinteresante\u00bb, pero pidi\u00f3 un redise\u00f1o del actual esquema de ciclos de di\u00e1logos, en los que llevan tres a\u00f1os, para crear una \u00abdirecci\u00f3n ejecutiva\u00bb que tome decisiones frente a los obst\u00e1culos que se presenten.<\/p>\n<p style=\"text-align: justify;\">\u00abHay una propuesta que es muy interesante, han dicho que es un c\u00f3nclave, esa es la figura, que creemos un escenario donde haya resultados y yo creo que s\u00ed, si reside\u00f1amos eso y nombramos una especie de direcci\u00f3n ejecutiva integrada por los dos jefes de las delegaciones\u00bb, precis\u00f3 Timochenko.<\/p>\n<p style=\"text-align: justify;\">En entrevista con el Informativo Insurgente, un noticiero que las FARC realizan peri\u00f3dicamente y divulgan a trav\u00e9s de su sitio en internet y en YouTube, Timochenko dijo que la idea de \u00abesa direcci\u00f3n ejecutiva\u00bb es que \u00abest\u00e9 constantemente balanceando y desentra\u00f1ando lo que se d\u00e9\u00bb.<\/p>\n<p style=\"text-align: justify;\">El m\u00e1ximo jefe de las Fuerzas Armadas Revolucionarias de Colombia (FARC) desestim\u00f3 que las reuniones que se den a futuro sean de 24 horas, al estilo conclave, pero confi\u00f3 en que se contemple su propuesta y que incluso se establezca una sola vocer\u00eda para la mesa de negociaci\u00f3n.<\/p>\n<p style=\"text-align: justify;\">\u00abNo se trata de acelerar, de correr por correr, sino de que haya un escenario donde con mucha sapiensa, con mucha paciencia, con mucha tolerancia, construyamos un acuerdo que nos garantice de verdad la paz en Colombia\u00bb, afirm\u00f3 el jefe guerrillero.<\/p>\n<p style=\"text-align: justify;\">Por ahora, el Gobierno no se manifest\u00f3 frente a la sugerencia, ni los dichos de Timochenko, cuya entrevista completa se conoci\u00f3 la noche del martes y cuyos apartes difundieron hoy algunos medios de prensa local.<\/p>\n<p style=\"text-align: justify;\">De izquierda a derecha, Pastor Alape, Pablo Catatumbo, Iv\u00e1n M\u00e1rquez, Carlos Antonio Lozada y Rodrigo Granda&lt;script type=\u00bb id=\u00bb2029413-Grande-515015709_embed\u00bb&gt;<br \/>\nEl equipo negociador de FARC. De izquierda a derecha, Pastor Alape, Pablo Catatumbo, Iv\u00e1n M\u00e1rquez, Carlos Antonio Lozada y Rodrigo Granda<br \/>\nAFP PHOTO\/FARC-EP<\/p>\n<p style=\"text-align: justify;\">Timochenko aseguro que lo \u00fanico que en este momento mueve a su grupo es el \u00abinter\u00e9s de que se llegue al acuerdo final para comenzar a sembrar las semillas de la paz en Colombia, porque cuando se llegue al acuerdo, ese ser\u00e1 el punto de partida para la construcci\u00f3n de la paz entre todos los colombianos\u00bb. Sostuvo que el pa\u00eds \u00abno aguanta una nueva guerra, un nuevo conflicto\u00bb y afirm\u00f3 que \u00abColombia merece la paz\u00bb.<\/p>\n<p style=\"text-align: justify;\">Respecto a los obst\u00e1culos en la mesa de discusi\u00f3n con el Gobierno, Timochenko dijo que \u00abes ese estado permanente de sospecha\u00bb de las partes, que los ha llevado a revisar cada punto, coma y palabra que se redacta para el documento final. Sin embargo, afirm\u00f3: \u00abEstamos en un punto donde pr\u00e1cticamente es irreversible el proceso, pero si se sigue manteniendo esa voluntad de ambas partes\u00bb.<\/p>\n<p style=\"text-align: justify;\">Bogot\u00e1 y las FARC dialogan en La Habana desde hace tres a\u00f1os para poner punto final a seis d\u00e9cadas de confrontaci\u00f3n armada interna, sobre la base de cinco puntos, cuatro de los cuales ya se acordaron. La fecha m\u00e1xima para sellar la paz es el pr\u00f3ximo 23 de marzo.Infobae<\/p>\n","protected":false},"excerpt":{"rendered":"<p>El guerrillero \u00abTimochenko\u00bb propuso la creaci\u00f3n de una \u00abdirecci\u00f3n ejecutiva\u00bb, integrada por los dos jefes de las partes, que tome<\/p>\n","protected":false},"author":1,"featured_media":0,"comment_status":"open","ping_status":"open","sticky":false,"template":"","format":"standard","meta":{"footnotes":""},"categories":[1],"tags":[],"_links":{"self":[{"href":"https:\/\/www.ecuadoraldia.com.ec\/index.php?rest_route=\/wp\/v2\/posts\/11152"}],"collection":[{"href":"https:\/\/www.ecuadoraldia.com.ec\/index.php?rest_route=\/wp\/v2\/posts"}],"about":[{"href":"https:\/\/www.ecuadoraldia.com.ec\/index.php?rest_route=\/wp\/v2\/types\/post"}],"author":[{"embeddable":true,"href":"https:\/\/www.ecuadoraldia.com.ec\/index.php?rest_route=\/wp\/v2\/users\/1"}],"replies":[{"embeddable":true,"href":"https:\/\/www.ecuadoraldia.com.ec\/index.php?rest_route=%2Fwp%2Fv2%2Fcomments&post=11152"}],"version-history":[{"count":1,"href":"https:\/\/www.ecuadoraldia.com.ec\/index.php?rest_route=\/wp\/v2\/posts\/11152\/revisions"}],"predecessor-version":[{"id":11154,"href":"https:\/\/www.ecuadoraldia.com.ec\/index.php?rest_route=\/wp\/v2\/posts\/11152\/revisions\/11154"}],"wp:attachment":[{"href":"https:\/\/www.ecuadoraldia.com.ec\/index.php?rest_route=%2Fwp%2Fv2%2Fmedia&parent=11152"}],"wp:term":[{"taxonomy":"category","embeddable":true,"href":"https:\/\/www.ecuadoraldia.com.ec\/index.php?rest_route=%2Fwp%2Fv2%2Fcategories&post=11152"},{"taxonomy":"post_tag","embeddable":true,"href":"https:\/\/www.ecuadoraldia.com.ec\/index.php?rest_route=%2Fwp%2Fv2%2Ftags&post=11152"}],"curies":[{"name":"wp","href":"https:\/\/api.w.org\/{rel}","templated":true}]}}