{"id":11155,"date":"2015-11-25T23:58:44","date_gmt":"2015-11-25T23:58:44","guid":{"rendered":"http:\/\/www.ecuadoraldia.com.ec\/?p=11155"},"modified":"2015-11-25T23:58:44","modified_gmt":"2015-11-25T23:58:44","slug":"alessandra-ambrosio-poso-desnuda-para-la-revista-maxim","status":"publish","type":"post","link":"https:\/\/www.ecuadoraldia.com.ec\/?p=11155","title":{"rendered":"Alessandra Ambrosio pos\u00f3 desnuda para la revista Maxim"},"content":{"rendered":"<p style=\"text-align: justify;\"><a href=\"http:\/\/www.ecuadoraldia.com.ec\/wp-content\/uploads\/2015\/11\/0013821047.jpg\"><img loading=\"lazy\" decoding=\"async\" class=\"alignleft size-medium wp-image-11156\" src=\"http:\/\/www.ecuadoraldia.com.ec\/wp-content\/uploads\/2015\/11\/0013821047-300x169.jpg\" alt=\"0013821047\" width=\"300\" height=\"169\" srcset=\"https:\/\/www.ecuadoraldia.com.ec\/wp-content\/uploads\/2015\/11\/0013821047-300x169.jpg 300w, https:\/\/www.ecuadoraldia.com.ec\/wp-content\/uploads\/2015\/11\/0013821047.jpg 770w\" sizes=\"(max-width: 300px) 100vw, 300px\" \/><\/a>La supermodelo brasile\u00f1a Alessandra Ambrosio pos\u00f3 completamente desnuda para la edici\u00f3n de diciembre de la revista masculina Maxim. Fue nombrada por la publicaci\u00f3n como la empresaria m\u00e1s sexy de 2015.<\/p>\n<p style=\"text-align: justify;\">El \u00e1ngel de Victoria&#8217;s Secret, de 34 a\u00f1os, se despoj\u00f3 de toda la ropa, mostrando su lado m\u00e1s sexy y presumiendo de su cuerpazo, pero sobre todo de su cotizado trasero. En la sesi\u00f3n fotogr\u00e1fica exhibe su lado m\u00e1s sensual.<\/p>\n<p style=\"text-align: justify;\">En unas de las fotos est\u00e1 tumbada desnuda en la cama con una copa de champagne en la mano, mientras que en otra est\u00e1 tap\u00e1ndose el pecho con los brazos en un barco, \u00fanicamente con un collar y frente al agua.<\/p>\n<p style=\"text-align: justify;\"><a href=\"http:\/\/www.ecuadoraldia.com.ec\/wp-content\/uploads\/2015\/11\/0013821084.jpg\"><img loading=\"lazy\" decoding=\"async\" class=\"alignleft size-medium wp-image-11157\" src=\"http:\/\/www.ecuadoraldia.com.ec\/wp-content\/uploads\/2015\/11\/0013821084-248x300.jpg\" alt=\"0013821084\" width=\"248\" height=\"300\" srcset=\"https:\/\/www.ecuadoraldia.com.ec\/wp-content\/uploads\/2015\/11\/0013821084-248x300.jpg 248w, https:\/\/www.ecuadoraldia.com.ec\/wp-content\/uploads\/2015\/11\/0013821084.jpg 479w\" sizes=\"(max-width: 248px) 100vw, 248px\" \/><\/a>La producci\u00f3n se realiz\u00f3 en MonteCarlo y estuvo a cargo de Gilles Bensimon<br \/>\nMaxim<\/p>\n<p style=\"text-align: justify;\">Alessandra Ambrosio mostr\u00f3 toda su sensualidad para Maxim<br \/>\nMaxim<\/p>\n<p style=\"text-align: justify;\">Ambrosio es hoy una de las modelos mejor pagadas y todos los dise\u00f1adores la quieren en la pasarela. En lo que va del a\u00f1o gan\u00f3 USD 5 millones y ha trabajado para reconocidas marcas, como Christian Dior y Raulph Lauren.<\/p>\n<p style=\"text-align: justify;\">La propia mannequin comparti\u00f3 varias de las capturas de la revista en Instagram y consigui\u00f3 millones de likes.<\/p>\n<p style=\"text-align: justify;\">Alessandra Ambrosio no dej\u00f3 nada para la imaginaci\u00f3n en la sesi\u00f3n fotogr\u00e1fica<br \/>\nMaxim<\/p>\n<p style=\"text-align: justify;\">En la portada aparece tomando sol con lentes oscuros, un ostentoso collar y un peri\u00f3dico que le cubre el busto.<\/p>\n<p style=\"text-align: justify;\">La brasile\u00f1a, casada con el empresario Jamie Ambrosio y madres de dos hijos, recientemente lanz\u00f3 su propia l\u00ednea de lencer\u00eda y trajes de ba\u00f1o. Por ello fue elegida por Maxim como la empresaria m\u00e1s sexy del mundo. \/Cr\u00e9dito: Maxim<\/p>\n","protected":false},"excerpt":{"rendered":"<p>La supermodelo brasile\u00f1a Alessandra Ambrosio pos\u00f3 completamente desnuda para la edici\u00f3n de diciembre de la revista masculina Maxim. Fue nombrada<\/p>\n","protected":false},"author":1,"featured_media":0,"comment_status":"open","ping_status":"open","sticky":false,"template":"","format":"standard","meta":{"footnotes":""},"categories":[1],"tags":[],"_links":{"self":[{"href":"https:\/\/www.ecuadoraldia.com.ec\/index.php?rest_route=\/wp\/v2\/posts\/11155"}],"collection":[{"href":"https:\/\/www.ecuadoraldia.com.ec\/index.php?rest_route=\/wp\/v2\/posts"}],"about":[{"href":"https:\/\/www.ecuadoraldia.com.ec\/index.php?rest_route=\/wp\/v2\/types\/post"}],"author":[{"embeddable":true,"href":"https:\/\/www.ecuadoraldia.com.ec\/index.php?rest_route=\/wp\/v2\/users\/1"}],"replies":[{"embeddable":true,"href":"https:\/\/www.ecuadoraldia.com.ec\/index.php?rest_route=%2Fwp%2Fv2%2Fcomments&post=11155"}],"version-history":[{"count":1,"href":"https:\/\/www.ecuadoraldia.com.ec\/index.php?rest_route=\/wp\/v2\/posts\/11155\/revisions"}],"predecessor-version":[{"id":11158,"href":"https:\/\/www.ecuadoraldia.com.ec\/index.php?rest_route=\/wp\/v2\/posts\/11155\/revisions\/11158"}],"wp:attachment":[{"href":"https:\/\/www.ecuadoraldia.com.ec\/index.php?rest_route=%2Fwp%2Fv2%2Fmedia&parent=11155"}],"wp:term":[{"taxonomy":"category","embeddable":true,"href":"https:\/\/www.ecuadoraldia.com.ec\/index.php?rest_route=%2Fwp%2Fv2%2Fcategories&post=11155"},{"taxonomy":"post_tag","embeddable":true,"href":"https:\/\/www.ecuadoraldia.com.ec\/index.php?rest_route=%2Fwp%2Fv2%2Ftags&post=11155"}],"curies":[{"name":"wp","href":"https:\/\/api.w.org\/{rel}","templated":true}]}}