{"id":11159,"date":"2015-11-26T17:34:40","date_gmt":"2015-11-26T17:34:40","guid":{"rendered":"http:\/\/www.ecuadoraldia.com.ec\/?p=11159"},"modified":"2015-11-26T17:34:40","modified_gmt":"2015-11-26T17:34:40","slug":"frente-unidos-analiza-su-futuro-tras-la-decision-de-correa-de-no-ser-candidato","status":"publish","type":"post","link":"https:\/\/www.ecuadoraldia.com.ec\/?p=11159","title":{"rendered":"Frente Unidos analiza su futuro tras la decisi\u00f3n de Correa de no ser candidato"},"content":{"rendered":"<p style=\"text-align: justify;\"><a href=\"http:\/\/www.ecuadoraldia.com.ec\/wp-content\/uploads\/2015\/11\/26-11-15-pol-frente.jpg\"><img loading=\"lazy\" decoding=\"async\" class=\"alignleft size-full wp-image-11160\" src=\"http:\/\/www.ecuadoraldia.com.ec\/wp-content\/uploads\/2015\/11\/26-11-15-pol-frente.jpg\" alt=\"26-11-15-pol-frente\" width=\"292\" height=\"194\" \/><\/a>Mantener la alianza que formaron en 2014 o ir con candidatos propios para los comicios de 2017. El camino del Frente Unidos, que agrupa a 14 organizaciones pol\u00edticas que respaldan el proyecto de Gobierno, lleg\u00f3 a esta disyuntiva apenas se conoci\u00f3 el anuncio del presidente de la Rep\u00fablica, Rafael Correa, de no terciar en las pr\u00f3ximas elecciones.<\/p>\n<p style=\"text-align: justify;\">El anuncio del Mandatario tom\u00f3 por sorpresa no solo a sectores de oposici\u00f3n, sino dentro de las filas de PAIS y del Frente Unidos. M\u00e1s a\u00fan cuando la Asamblea Nacional acept\u00f3 la solicitud del Jefe de Estado de incluir una transitoria al paquete de enmiendas, que establezca que la postulaci\u00f3n indefinida tenga vigencia a partir de mayo de 2017, con lo que quedar\u00eda prohibida la reelecci\u00f3n de Correa.<\/p>\n<p style=\"text-align: justify;\">Y no solo al Mandatario, sino tambi\u00e9n a los asamble\u00edstas que ya tienen dos periodos en el \u00f3rgano legislativo. En total ser\u00edan 38 los legisladores que tampoco podr\u00e1n optar por una postulaci\u00f3n para reelegirse, 31 de ellos son de PAIS.<\/p>\n<p style=\"text-align: justify;\">La semana pasada el titular del frente, el socialista Fabi\u00e1n Solano, convoc\u00f3 a una reuni\u00f3n para analizar el tema. Entre las resoluciones se destacan el respaldo al proyecto liderado por el Presidente y se declararon en sesi\u00f3n permanente \u201cpara establecer sus roles en el nuevo momento pol\u00edtico\u201d.<\/p>\n<p style=\"text-align: justify;\">Fabi\u00e1n Solano, presidente del Frente Unidos y asamble\u00edsta, recuerda que el colectivo se constituy\u00f3 para defender y profundizar el proyecto de Revoluci\u00f3n Ciudadana, pero el tema electoral no fue una de las resoluciones cuando se estructur\u00f3.<\/p>\n<p style=\"text-align: justify;\">Con el nuevo escenario pol\u00edtico, los l\u00edderes de las 14 organizaciones pol\u00edticas se reunir\u00e1n el 12 de diciembre en Manta, en un taller ideol\u00f3gico y pol\u00edtico, para definir la postura del bloque.<\/p>\n<p style=\"text-align: justify;\">DATOS<\/p>\n<p style=\"text-align: justify;\">El Frente Unidos se conform\u00f3 el 18 de septiembre de 2014 en Quito, para apoyar<br \/>\na la Revoluci\u00f3n Ciudadana.<\/p>\n<p style=\"text-align: justify;\">Estaba compuesto por 15 organizaciones: PAIS, Partido Socialista Frente Amplio (PSFA), Avanza, Pachakutik Chimborazo, Centro Democr\u00e1tico, Acci\u00f3n Regional por la Equidad (ARE), Movimiento Aut\u00f3nomo Regional (MAR), Unidad Primero, Juventud Comunista, Movimiento de Izquierda Revolucionario, Alfaro Vive, Conduce, Amazon\u00eda Vive, Partido Comunista y Movimiento Agrario San Miguel. En abril de este a\u00f1o, Avanza, que lidera Ramiro Gonz\u00e1lez, abandon\u00f3 el frenteSolano se\u00f1ala que el 23 de octubre pasado, el Partido Socialista realiz\u00f3 un congreso ordinario donde se eligi\u00f3 a la nueva directiva y se resolvi\u00f3 respaldar la eventual candidatura de Rafael Correa, \u201cpero si no fuera candidato, (como en efecto suceder\u00eda si se aprueba el paquete de enmiendas con la transitoria) el partido tendr\u00eda aspirantes propios\u201d.<\/p>\n<p style=\"text-align: justify;\">Ahora, dice el asamble\u00edsta, se tendr\u00eda que convocar a un congreso extraordinario para debatir y ratificar esta tesis o reverla.<\/p>\n<p style=\"text-align: justify;\">\u201cA t\u00edtulo personal y como dem\u00f3crata creo en la unidad y en crear espacios de di\u00e1logo, entonces lo m\u00e1s obvio ser\u00eda que el pr\u00f3ximo candidato a la presidencia y la lista de asamble\u00edstas nacionales y provinciales fueran en unidad, pero esa es una postura personal que sabr\u00e9 defender dentro de mi organizaci\u00f3n pol\u00edtica\u201d.<\/p>\n<p style=\"text-align: justify;\">El congreso extraordinario se realizar\u00eda el pr\u00f3ximo a\u00f1o, aunque no hay una fecha definida.<br \/>\nVer\u00f3nica Arias, asamble\u00edsta del movimiento ARE (miembro de Unidos), admite que la decisi\u00f3n del Mandatario fue sorpresiva. \u201cRespetamos la decisi\u00f3n del presidente Rafael Correa; en lo personal me apena que no sea candidato, pero hemos respetado su decisi\u00f3n\u201d, asegura.<\/p>\n<p style=\"text-align: justify;\">Agrega que al incluirse a los asamble\u00edstas se abren las posibilidades para que otros cuadros surjan, pero lo m\u00e1s importante es continuar defendiendo el proyecto pol\u00edtico, de tal forma que \u201ces muy prematuro hablar de candidaturas\u201d.<\/p>\n<p style=\"text-align: justify;\">Con este criterio coincide Ver\u00f3nica Loayza, presidenta nacional de Centro Democr\u00e1tico. \u201cEs comprensible que el Presidente haya tomado esa decisi\u00f3n, aunque nos tom\u00f3 por sorpresa. El panorama pol\u00edtico ha cambiado con esta transitoria. Haremos un an\u00e1lisis profundo de esta situaci\u00f3n y cada movimiento tomar\u00e1 una decisi\u00f3n para luego adoptar una resoluci\u00f3n en conjunto\u201d.<\/p>\n<p style=\"text-align: justify;\">En cambio, Rafael Lucero, del movimiento Pachakutik Chimborazo, esperar\u00e1 a que se aprueben las enmiendas para luego, al interior del movimiento, analizar las proyecciones pol\u00edticas, aunque anticipa que el apoyo pol\u00edtico al presidente Correa continuar\u00e1.<\/p>\n<p style=\"text-align: justify;\">Para \u00e9l en Chimborazo existen los suficientes cuadros para encarar 2017, pero considera prematuro citar nombres. \u201cYa veremos si en el 2017 vamos como alianza 35-18 o solo como Pachakutik, pero Chimborazo seguir\u00e1 apoyando la Revoluci\u00f3n Ciudadana\u201d. En lo personal asegura que Len\u00edn Moreno parece un buen candidato presidencial.<\/p>\n<p style=\"text-align: justify;\">El Movimiento Auton\u00f3mico Regional (MAR) de El Oro tambi\u00e9n espera reunirse pronto ante este escenario. Su presidente provincial, Washington L\u00f3pez, anuncia que es muy importante renovar las figuras pol\u00edticas.<\/p>\n<p style=\"text-align: justify;\">Como parte del Frente se suman al respaldo al proyecto pol\u00edtico, pero a nivel local considera importante impulsar los cuadros que tienen. \u201cTodo depender\u00e1 de la coyuntura pol\u00edtica y de cara a las futuras elecciones\u201d. (I)<\/p>\n","protected":false},"excerpt":{"rendered":"<p>Mantener la alianza que formaron en 2014 o ir con candidatos propios para los comicios de 2017. El camino del<\/p>\n","protected":false},"author":1,"featured_media":0,"comment_status":"open","ping_status":"open","sticky":false,"template":"","format":"standard","meta":{"footnotes":""},"categories":[3],"tags":[],"_links":{"self":[{"href":"https:\/\/www.ecuadoraldia.com.ec\/index.php?rest_route=\/wp\/v2\/posts\/11159"}],"collection":[{"href":"https:\/\/www.ecuadoraldia.com.ec\/index.php?rest_route=\/wp\/v2\/posts"}],"about":[{"href":"https:\/\/www.ecuadoraldia.com.ec\/index.php?rest_route=\/wp\/v2\/types\/post"}],"author":[{"embeddable":true,"href":"https:\/\/www.ecuadoraldia.com.ec\/index.php?rest_route=\/wp\/v2\/users\/1"}],"replies":[{"embeddable":true,"href":"https:\/\/www.ecuadoraldia.com.ec\/index.php?rest_route=%2Fwp%2Fv2%2Fcomments&post=11159"}],"version-history":[{"count":1,"href":"https:\/\/www.ecuadoraldia.com.ec\/index.php?rest_route=\/wp\/v2\/posts\/11159\/revisions"}],"predecessor-version":[{"id":11161,"href":"https:\/\/www.ecuadoraldia.com.ec\/index.php?rest_route=\/wp\/v2\/posts\/11159\/revisions\/11161"}],"wp:attachment":[{"href":"https:\/\/www.ecuadoraldia.com.ec\/index.php?rest_route=%2Fwp%2Fv2%2Fmedia&parent=11159"}],"wp:term":[{"taxonomy":"category","embeddable":true,"href":"https:\/\/www.ecuadoraldia.com.ec\/index.php?rest_route=%2Fwp%2Fv2%2Fcategories&post=11159"},{"taxonomy":"post_tag","embeddable":true,"href":"https:\/\/www.ecuadoraldia.com.ec\/index.php?rest_route=%2Fwp%2Fv2%2Ftags&post=11159"}],"curies":[{"name":"wp","href":"https:\/\/api.w.org\/{rel}","templated":true}]}}