{"id":11162,"date":"2015-11-26T17:43:49","date_gmt":"2015-11-26T17:43:49","guid":{"rendered":"http:\/\/www.ecuadoraldia.com.ec\/?p=11162"},"modified":"2015-11-26T17:43:49","modified_gmt":"2015-11-26T17:43:49","slug":"municipio-de-quito-firma-el-contrato-para-la-construccion-de-la-fase-ii-del-metro","status":"publish","type":"post","link":"https:\/\/www.ecuadoraldia.com.ec\/?p=11162","title":{"rendered":"Municipio de Quito firma el contrato para la construcci\u00f3n de la fase II del Metro"},"content":{"rendered":"<p style=\"text-align: justify;\"><a href=\"http:\/\/www.ecuadoraldia.com.ec\/wp-content\/uploads\/2015\/11\/fase2metro.jpg\"><img loading=\"lazy\" decoding=\"async\" class=\"alignleft size-medium wp-image-11163\" src=\"http:\/\/www.ecuadoraldia.com.ec\/wp-content\/uploads\/2015\/11\/fase2metro-300x176.jpg\" alt=\"fase2metro\" width=\"300\" height=\"176\" srcset=\"https:\/\/www.ecuadoraldia.com.ec\/wp-content\/uploads\/2015\/11\/fase2metro-300x176.jpg 300w, https:\/\/www.ecuadoraldia.com.ec\/wp-content\/uploads\/2015\/11\/fase2metro.jpg 302w\" sizes=\"(max-width: 300px) 100vw, 300px\" \/><\/a>Esta ma\u00f1ana, el Municipio de Quito firm\u00f3 el contrato para la construcci\u00f3n de la fase II del Metro con los representantes de la empresa Acciona Odebrecht.<\/p>\n<p style=\"text-align: justify;\">Rodas agradeci\u00f3 el apoyo del Gobierno Nacional para la continuidad del proyecto Fase II del Metro.<br \/>\nLa obra est\u00e1 estimada en $ 2.009 millones, de ellos, en la fase II se invertir\u00e1 $ 1.500 millones.<\/p>\n<p style=\"text-align: justify;\">Madeleine Abarca, viceministra de Finanzas, calific\u00f3 a la obra como \u00abtrascendental de Quito, revolucionar\u00e1 el sistema de transporte de la capital\u00bb. Indic\u00f3 que la obra era necesaria para la movilidad de la ciudadan\u00eda y permitir\u00e1 el descongestionamiento vehicular de la capital.<\/p>\n<p style=\"text-align: justify;\">\u00abHa sido el inter\u00e9s del gobierno mejorar la competitividad de los ecuatorianos\u00bb, por ello, se\u00f1al\u00f3 que se cumpli\u00f3 con los acuerdos que viabilizan la obra.<\/p>\n<p style=\"text-align: justify;\">Indic\u00f3 que el gobierno central aporta con $ 750 millones, adem\u00e1s que entreg\u00f3 los avales soberanos para que el Cabildo acceda a los cr\u00e9ditos para cubrir los costos en su totalidad.<\/p>\n<p style=\"text-align: justify;\">Por este motivo, la representante del Ministerio de Finanzas se\u00f1al\u00f3 que estar\u00e1n pendientes del avance de la obra. \u00abCada avance, plazo e hito ser\u00e1 demostraci\u00f3n de que en el Ecuador se pueden impulsar obras de envergadura\u00bb, concluy\u00f3.<\/p>\n","protected":false},"excerpt":{"rendered":"<p>Esta ma\u00f1ana, el Municipio de Quito firm\u00f3 el contrato para la construcci\u00f3n de la fase II del Metro con los<\/p>\n","protected":false},"author":1,"featured_media":0,"comment_status":"open","ping_status":"open","sticky":false,"template":"","format":"standard","meta":{"footnotes":""},"categories":[14],"tags":[],"_links":{"self":[{"href":"https:\/\/www.ecuadoraldia.com.ec\/index.php?rest_route=\/wp\/v2\/posts\/11162"}],"collection":[{"href":"https:\/\/www.ecuadoraldia.com.ec\/index.php?rest_route=\/wp\/v2\/posts"}],"about":[{"href":"https:\/\/www.ecuadoraldia.com.ec\/index.php?rest_route=\/wp\/v2\/types\/post"}],"author":[{"embeddable":true,"href":"https:\/\/www.ecuadoraldia.com.ec\/index.php?rest_route=\/wp\/v2\/users\/1"}],"replies":[{"embeddable":true,"href":"https:\/\/www.ecuadoraldia.com.ec\/index.php?rest_route=%2Fwp%2Fv2%2Fcomments&post=11162"}],"version-history":[{"count":1,"href":"https:\/\/www.ecuadoraldia.com.ec\/index.php?rest_route=\/wp\/v2\/posts\/11162\/revisions"}],"predecessor-version":[{"id":11164,"href":"https:\/\/www.ecuadoraldia.com.ec\/index.php?rest_route=\/wp\/v2\/posts\/11162\/revisions\/11164"}],"wp:attachment":[{"href":"https:\/\/www.ecuadoraldia.com.ec\/index.php?rest_route=%2Fwp%2Fv2%2Fmedia&parent=11162"}],"wp:term":[{"taxonomy":"category","embeddable":true,"href":"https:\/\/www.ecuadoraldia.com.ec\/index.php?rest_route=%2Fwp%2Fv2%2Fcategories&post=11162"},{"taxonomy":"post_tag","embeddable":true,"href":"https:\/\/www.ecuadoraldia.com.ec\/index.php?rest_route=%2Fwp%2Fv2%2Ftags&post=11162"}],"curies":[{"name":"wp","href":"https:\/\/api.w.org\/{rel}","templated":true}]}}