{"id":11390,"date":"2016-01-01T18:43:41","date_gmt":"2016-01-01T18:43:41","guid":{"rendered":"http:\/\/www.ecuadoraldia.com.ec\/?p=11390"},"modified":"2016-01-01T18:43:41","modified_gmt":"2016-01-01T18:43:41","slug":"ano-bisiesto-2016-de-366-dias","status":"publish","type":"post","link":"https:\/\/www.ecuadoraldia.com.ec\/?p=11390","title":{"rendered":"A\u00f1o bisiesto 2016 de 366 d\u00edas"},"content":{"rendered":"<p style=\"text-align: justify;\"><a href=\"http:\/\/www.ecuadoraldia.com.ec\/wp-content\/uploads\/2016\/01\/feliz_ano_nuevo.jpg\"><img loading=\"lazy\" decoding=\"async\" class=\"alignleft size-medium wp-image-11392\" src=\"http:\/\/www.ecuadoraldia.com.ec\/wp-content\/uploads\/2016\/01\/feliz_ano_nuevo-300x150.jpg\" alt=\"feliz_ano_nuevo\" width=\"300\" height=\"150\" srcset=\"https:\/\/www.ecuadoraldia.com.ec\/wp-content\/uploads\/2016\/01\/feliz_ano_nuevo-300x150.jpg 300w, https:\/\/www.ecuadoraldia.com.ec\/wp-content\/uploads\/2016\/01\/feliz_ano_nuevo.jpg 400w\" sizes=\"(max-width: 300px) 100vw, 300px\" \/><\/a>Viernes, 01 de enero del 2016. A\u00f1o bisiesto. Per\u00edodo de 365 d\u00edas (366 d\u00edas, los a\u00f1os bisiestos), dividido en doce meses, que empieza el d\u00eda 1 de enero y termina el 31 de diciembre.<\/p>\n<p style=\"text-align: justify;\">a\u00f1o bisiesto (o a\u00f1o intercalar) A\u00f1o que tiene 366 d\u00edas en lugar de 365, en el que febrero tiene 29 d\u00edas en lugar de 28; se repite cada cuatro a\u00f1os, excepto cuando el a\u00f1o acaba en dos ceros.<\/p>\n<p style=\"text-align: justify;\">A\u00f1o bisiesto es una expresi\u00f3n que deriva del lat\u00edn bis sextus dies ante calendas martii (sexto d\u00eda antes del mes de marzo repetido), que correspond\u00eda a un d\u00eda extra intercalado entre el 23 y el 24 de febrero por Julio C\u00e9sar. En el calendario gregoriano, calendario hecho por el papa Gregorio XIII, este d\u00eda extra se coloc\u00f3 al final de mes (29 de febrero). El 24 de febrero era el sexto d\u00eda antes de las calendas (primer d\u00eda del mes) de marzo. Los romanos no contaban los d\u00edas del mes del 1 al 31, sino que tomaban tres fechas de referencia: calendas, nonas e idus. Para contar se inclu\u00eda el d\u00eda de referencia (en este caso, el 1 de marzo).1<\/p>\n<p style=\"text-align: justify;\">Este d\u00eda se a\u00f1ade para corregir el desfase que existe entre la duraci\u00f3n del a\u00f1o tr\u00f3pico: 365 d\u00edas 5 h 48 min 45,25 s (365,242190402 d\u00edas) y el a\u00f1o calendario de 365 d\u00edas. Esto requiere que cada cuatro a\u00f1os se corrija el a\u00f1o calendario por una acumulaci\u00f3n no contabilizada de aproximadamente 1\/4 de d\u00eda por a\u00f1o que equivale a un d\u00eda extra.<\/p>\n<p style=\"text-align: justify;\">En el calendario juliano se consideraban bisiestos los a\u00f1os divisibles entre cuatro. As\u00ed, el a\u00f1o juliano duraba 365 d\u00edas + 0,25 = 365,25 d\u00edas, m\u00e1s que el a\u00f1o tr\u00f3pico, que consta de 365,242190402 d\u00edas.<\/p>\n<p style=\"text-align: justify;\">Seg\u00fan el calendario gregoriano, la regla para los a\u00f1os bisiestos es la siguiente:<\/p>\n<p style=\"text-align: justify;\">Transcurr\u00eda el a\u00f1o 49 a. C., cuando el dirigente Julio C\u00e9sar lleg\u00f3 a Egipto. Hasta entonces el calendario romano cargaba con siglos de desfases debido a su imprecisi\u00f3n. Entre otras cosas, Julio encontr\u00f3 un excelente calendario en las tierras de la faraona egipcia Cleopatra. Fue entonces cuando deleg\u00f3 a Sos\u00edgenes de Alejandr\u00eda, astr\u00f3nomo, matem\u00e1tico y fil\u00f3sofo, la tarea de dise\u00f1ar un nuevo calendario a la altura y exactitud que el imperio necesitaba. Sos\u00edgenes entreg\u00f3 a Julio su calendario entre el 48 y el 46 a.C., basado principalmente en el calendario egipcio, pero conservando los nombres de los meses romanos. Este calendario pose\u00eda una duraci\u00f3n de 365 d\u00edas y un d\u00eda adicional inicialmente cada cuatro a\u00f1os, para compensar un desfase natural producido por la revoluci\u00f3n no sincr\u00f3nica de la Tierra en torno al Sol.<\/p>\n<p style=\"text-align: justify;\">La compensaci\u00f3n de los desfases que ten\u00eda acumulados el calendario romano oblig\u00f3 a que el a\u00f1o 46 a.C. se convirtiera en el a\u00f1o m\u00e1s largo de la historia, con 445 d\u00edas de duraci\u00f3n para compensar e iniciar nuevamente de cero. A este inusual a\u00f1o se le llam\u00f3 \u00aba\u00f1o juliano\u00bb o el \u00aba\u00f1o de la confusi\u00f3n\u00bb.<\/p>\n<p style=\"text-align: justify;\"><strong>\u00bfPor qu\u00e9 2016 es un a\u00f1o bisiesto?<\/strong><br \/>\nUn a\u00f1o es bisiesto si es divisible por cuatro, y este pr\u00f3ximo toca, de modo que febrero de 2016 tendr\u00e1 29 d\u00edas y el a\u00f1o completo 366.<br \/>\nEste d\u00eda se a\u00f1ade para corregir el desfase que existe con la duraci\u00f3n real del a\u00f1o, que es de 365 d\u00edas, 5 horas, 48 minutos y 45,25 segundos.<\/p>\n<p style=\"text-align: justify;\">A\u00f1o nuevo, vida nueva.As\u00ed comenzamos el 2016 un a\u00f1o bisiesto que tendr\u00e1 366 d\u00edas, uno m\u00e1s que en 2015. Cada a\u00f1o bisiesto surgen anuncios de cat\u00e1strofes, hechos extraordinarios o acontecimientos \u00fanicos, buenos y malos. \u00bfQu\u00e9 nos deparar\u00e1 este a\u00f1o?<\/p>\n<p style=\"text-align: justify;\">Un a\u00f1o es bisiesto si es divisible por cuatro, y este pr\u00f3ximo toca, de modo que febrero de 2016 tendr\u00e1 29 d\u00edas y el a\u00f1o completo 366. Este d\u00eda se a\u00f1ade para corregir el desfase que existe con la duraci\u00f3n real del a\u00f1o, que es de 365 d\u00edas, 5 horas, 48 minutos y 45,25 segundos.<\/p>\n<p style=\"text-align: justify;\">Estas casi 6 horas de m\u00e1s se acumulan cada cuatro a\u00f1os y se le suman a febrero porque el c\u00f3mputo que se realiza depende del solsticio de invierno y de la distancia de la luna respecto a la Tierra. Con ello se evita que las fechas astron\u00f3micas y cronol\u00f3gicas dejen de coincidir.<\/p>\n<p style=\"text-align: justify;\">Seg\u00fan ha explicado a Europa Press el investigador del Consejo Superior de Investigaciones Cient\u00edficas (CSIC), Manuel Manianes, los a\u00f1os bisiestos fueron implantados por Dionisio &#8216;El Peque\u00f1o&#8217;, un monje de Turqu\u00eda que en torno al a\u00f1o 200 (d.C) hall\u00f3 la diferencia entre lo que contaba el calendario juliano y la realidad. Si ese desajuste no se correg\u00eda, en el plazo de 500 a 600 a\u00f1os, el solsticio de verano podr\u00eda suceder en el solsticio de invierno y viceversa.<\/p>\n<p style=\"text-align: justify;\">El monje observ\u00f3 que, para que todas las fechas coincidieran en el tiempo, era preciso a\u00f1adir un d\u00eda a febrero para hacer realidad esas seis horas de m\u00e1s que tiene cada a\u00f1o y que no se cuentan el resto de los a\u00f1os.<\/p>\n<p style=\"text-align: justify;\">Seg\u00fan Manianes, entre las \u00abconsecuencias m\u00e1s dram\u00e1ticas\u00bb de no existir el a\u00f1o bisiesto, los seres humanos no podr\u00edan seguir el ciclo de la naturaleza, ya que, por ejemplo, la floraci\u00f3n de las plantas se dar\u00eda en lo que conocemos como verano cronol\u00f3gico. \u00abSi no a\u00f1adi\u00e9ramos a febrero un d\u00eda, no podr\u00edamos controlar ning\u00fan fen\u00f3meno a trav\u00e9s del calendario\u00bb, se\u00f1ala.<\/p>\n<p style=\"text-align: justify;\">El experto asegura que, aunque el a\u00f1o bisiesto \u00abarregl\u00f3 los desperfectos que hab\u00eda\u00bb, a\u00fan as\u00ed quedan unas peque\u00f1as diferencias que, en un a\u00f1o o lustro no se aprecian, pero que se notan a largo plazo. De hecho, los cient\u00edficos corrigen y regulan estas d\u00e9cimas de segundo tanto en los relojes como en los calendarios. En la misma l\u00ednea, hay fiestas lit\u00fargicas que no cambian de fecha y otras que son movibles, dependiendo de las lunas, como Carnaval o Semana Santa.<\/p>\n<p style=\"text-align: justify;\">Es pues a Dionisio &#8216;El peque\u00f1o&#8217; a quien se deben las dataciones que rigen en la actualidad ya que el calendario juliano, adem\u00e1s, ten\u00eda un error de tres a\u00f1os en el c\u00f3mputo general, por lo que Jesucristo podr\u00eda haber nacido tres a\u00f1os antes o tres despu\u00e9s.<\/p>\n","protected":false},"excerpt":{"rendered":"<p>Viernes, 01 de enero del 2016. A\u00f1o bisiesto. Per\u00edodo de 365 d\u00edas (366 d\u00edas, los a\u00f1os bisiestos), dividido en doce<\/p>\n","protected":false},"author":1,"featured_media":0,"comment_status":"open","ping_status":"open","sticky":false,"template":"","format":"standard","meta":{"footnotes":""},"categories":[8],"tags":[],"_links":{"self":[{"href":"https:\/\/www.ecuadoraldia.com.ec\/index.php?rest_route=\/wp\/v2\/posts\/11390"}],"collection":[{"href":"https:\/\/www.ecuadoraldia.com.ec\/index.php?rest_route=\/wp\/v2\/posts"}],"about":[{"href":"https:\/\/www.ecuadoraldia.com.ec\/index.php?rest_route=\/wp\/v2\/types\/post"}],"author":[{"embeddable":true,"href":"https:\/\/www.ecuadoraldia.com.ec\/index.php?rest_route=\/wp\/v2\/users\/1"}],"replies":[{"embeddable":true,"href":"https:\/\/www.ecuadoraldia.com.ec\/index.php?rest_route=%2Fwp%2Fv2%2Fcomments&post=11390"}],"version-history":[{"count":1,"href":"https:\/\/www.ecuadoraldia.com.ec\/index.php?rest_route=\/wp\/v2\/posts\/11390\/revisions"}],"predecessor-version":[{"id":11393,"href":"https:\/\/www.ecuadoraldia.com.ec\/index.php?rest_route=\/wp\/v2\/posts\/11390\/revisions\/11393"}],"wp:attachment":[{"href":"https:\/\/www.ecuadoraldia.com.ec\/index.php?rest_route=%2Fwp%2Fv2%2Fmedia&parent=11390"}],"wp:term":[{"taxonomy":"category","embeddable":true,"href":"https:\/\/www.ecuadoraldia.com.ec\/index.php?rest_route=%2Fwp%2Fv2%2Fcategories&post=11390"},{"taxonomy":"post_tag","embeddable":true,"href":"https:\/\/www.ecuadoraldia.com.ec\/index.php?rest_route=%2Fwp%2Fv2%2Ftags&post=11390"}],"curies":[{"name":"wp","href":"https:\/\/api.w.org\/{rel}","templated":true}]}}