{"id":11737,"date":"2016-02-09T23:09:31","date_gmt":"2016-02-09T23:09:31","guid":{"rendered":"http:\/\/www.ecuadoraldia.com.ec\/?p=11737"},"modified":"2016-02-09T23:09:31","modified_gmt":"2016-02-09T23:09:31","slug":"30-000-firmas-para-proyecto-de-ley-contra-la-violencia","status":"publish","type":"post","link":"https:\/\/www.ecuadoraldia.com.ec\/?p=11737","title":{"rendered":"30.000 firmas para proyecto de Ley contra la violencia"},"content":{"rendered":"<figure id=\"attachment_11738\" aria-describedby=\"caption-attachment-11738\" style=\"width: 300px\" class=\"wp-caption alignleft\"><a href=\"http:\/\/www.ecuadoraldia.com.ec\/wp-content\/uploads\/2016\/02\/VIOLENCIA-CONTRA-LAS-MUJEREs.jpg\" rel=\"attachment wp-att-11738\"><img loading=\"lazy\" decoding=\"async\" class=\"size-medium wp-image-11738\" src=\"http:\/\/www.ecuadoraldia.com.ec\/wp-content\/uploads\/2016\/02\/VIOLENCIA-CONTRA-LAS-MUJEREs-300x168.jpg\" alt=\"La campa\u00f1a busca recolectar 30 mil firmas de respaldo\" width=\"300\" height=\"168\" srcset=\"https:\/\/www.ecuadoraldia.com.ec\/wp-content\/uploads\/2016\/02\/VIOLENCIA-CONTRA-LAS-MUJEREs-300x168.jpg 300w, https:\/\/www.ecuadoraldia.com.ec\/wp-content\/uploads\/2016\/02\/VIOLENCIA-CONTRA-LAS-MUJEREs.jpg 660w\" sizes=\"(max-width: 300px) 100vw, 300px\" \/><\/a><figcaption id=\"caption-attachment-11738\" class=\"wp-caption-text\">La campa\u00f1a busca recolectar 30 mil firmas de respaldo<\/figcaption><\/figure>\n<p style=\"text-align: justify;\">Alrededor de 20 organizaciones impulsan esta campa\u00f1a de recolecci\u00f3n de r\u00fabricas. Seis de cada 10 mujeres ha sido agredida.<\/p>\n<p style=\"text-align: justify;\">Ley Org\u00e1nica Integral por el Derecho de las Mujeres a una Vida Libre de Violencias (LOIV). As\u00ed se denomina una propuesta que prev\u00e9n presentar ante la Asamblea Nacional alrededor de 20 organizaciones feministas.<\/p>\n<p style=\"text-align: justify;\">Para ello, desde hace un mes adelantan una campa\u00f1a de recolecci\u00f3n de firmas de respaldo, luego de que el 6 de noviembre del a\u00f1o pasado acudieran al Consejo Nacional Electoral (CNE) para pedir autorizaci\u00f3n, en su af\u00e1n de impulsar esta norma como una \u201ciniciativa popular\u201d.<\/p>\n<p>Vac\u00edo legal<\/p>\n<p style=\"text-align: justify;\">En criterio de Roc\u00edo Rosero, vocera de la Coalici\u00f3n Nacional de Mujeres del Ecuador, la propuesta, que requiere de unas 30.000 r\u00fabricas de apoyo, apunta a llenar un \u201cvac\u00edo que existe actualmente en la legislaci\u00f3n ecuatoriana\u201d.<\/p>\n<p style=\"text-align: justify;\">A su juicio, hace falta \u201cun marco jur\u00eddico y de pol\u00edticas p\u00fablicas para la prevenci\u00f3n, sanci\u00f3n, restituci\u00f3n de los derechos y para que las mujeres y ni\u00f1as sobrevivientes de la violencia en los \u00e1mbitos p\u00fablico y privado puedan contar con sistemas de atenci\u00f3n amigables y eficientes, y garantizar que los hechos violentos no vuelvan a repetirse\u201d.<\/p>\n<p>El panorama<\/p>\n<p style=\"text-align: justify;\">\nEn el Ecuador sei de cada 10 mujeres han sufrido alg\u00fan tipo de violencia, seg\u00fan revela la Encuesta Nacional de Relaciones Familiares y Violencia de G\u00e9nero contra mujeres, realizada por el Instituto Nacional de Estad\u00edstica y Censos (INEC) en 2011.<\/p>\n<p style=\"text-align: justify;\">Las provincias con mayor porcentaje de violencia de g\u00e9nero son: Morona Santiago, Tungurahua, Pichincha, Pastaza y Azuay. Mientras que Orellana, Manab\u00ed y Santa Elena son las provincias con menor \u00edndice de violencia contra la mujer.<\/p>\n<p style=\"text-align: justify;\">Acci\u00f3n Ciudadana por la Democracia y el Desarrollo &#8211; ACDemocracia<\/p>\n<p style=\"text-align: justify;\">Colectivo Pol\u00edtico Luna Creciente<\/p>\n<p style=\"text-align: justify;\">Cabildo por las Mujeres del Cant\u00f3n Cuenca<\/p>\n<p style=\"text-align: justify;\">Colectivo Nosotras<\/p>\n<p style=\"text-align: justify;\">Confederaci\u00f3n Ecuatoriana de Mujeres por el Cambio<\/p>\n<p style=\"text-align: justify;\">Consejo de Mujeres Negras \u2013 San Lorenzo<\/p>\n<p style=\"text-align: justify;\">Coordinadora Juvenil por la Equidad de G\u00e9nero<\/p>\n<p style=\"text-align: justify;\">Coordinadora Pol\u00edtica de Mujeres del Ecuador<\/p>\n<p style=\"text-align: justify;\">Dirigencia de la Mujer \u2013 Conaie<\/p>\n<p style=\"text-align: justify;\">El Parto es Nuestro<\/p>\n<p style=\"text-align: justify;\">Federaci\u00f3n de Mujeres de Sucumb\u00edos<\/p>\n<p style=\"text-align: justify;\">Frente Ecuatoriano de Derechos Sexuales y Reproductivos<\/p>\n<p style=\"text-align: justify;\">Movimiento de Mujeres de Sectores Populares Luna Creciente<\/p>\n<p style=\"text-align: justify;\">Movimiento de Mujeres de Manab\u00ed<\/p>\n<p style=\"text-align: justify;\">Mujeres de Frente<\/p>\n<p style=\"text-align: justify;\">Observatorio Ciudadano de la Comunicaci\u00f3n &#8211; Cuenca<\/p>\n<p style=\"text-align: justify;\">Plataforma Nacional por los Derechos de las Mujeres<\/p>\n<p style=\"text-align: justify;\">Red de Mujeres Pol\u00edticas del Ecuador \u2013 Rempe<\/p>\n<p style=\"text-align: justify;\">La recolecci\u00f3n de firmas se da en Quito, Guayaquil, Cuenca y en Imbabura y Chimborazo.<\/p>\n<p style=\"text-align: justify;\">de cada 4 mujeres ha vivido violencia sexual, y el tipo de violencia m\u00e1s com\u00fan es la psicol\u00f3gica, con el 53,9%, seg\u00fan una encuesta del INEC.<\/p>\n<p style=\"text-align: justify;\">Sobre la base del estado civil, se pudo determinar que 8 de cada 10 mujeres divorciadas han vivido alg\u00fan tipo de violencia de g\u00e9nero, seguido por las separadas con el 78%.<\/p>\n<p style=\"text-align: justify;\">Las mujeres solteras, en contraste, registran la menor tasa de agresi\u00f3n. (I)-Lahora<\/p>\n","protected":false},"excerpt":{"rendered":"<p>Alrededor de 20 organizaciones impulsan esta campa\u00f1a de recolecci\u00f3n de r\u00fabricas. Seis de cada 10 mujeres ha sido agredida. Ley<\/p>\n","protected":false},"author":1,"featured_media":11738,"comment_status":"open","ping_status":"open","sticky":false,"template":"","format":"standard","meta":{"footnotes":""},"categories":[4],"tags":[],"_links":{"self":[{"href":"https:\/\/www.ecuadoraldia.com.ec\/index.php?rest_route=\/wp\/v2\/posts\/11737"}],"collection":[{"href":"https:\/\/www.ecuadoraldia.com.ec\/index.php?rest_route=\/wp\/v2\/posts"}],"about":[{"href":"https:\/\/www.ecuadoraldia.com.ec\/index.php?rest_route=\/wp\/v2\/types\/post"}],"author":[{"embeddable":true,"href":"https:\/\/www.ecuadoraldia.com.ec\/index.php?rest_route=\/wp\/v2\/users\/1"}],"replies":[{"embeddable":true,"href":"https:\/\/www.ecuadoraldia.com.ec\/index.php?rest_route=%2Fwp%2Fv2%2Fcomments&post=11737"}],"version-history":[{"count":1,"href":"https:\/\/www.ecuadoraldia.com.ec\/index.php?rest_route=\/wp\/v2\/posts\/11737\/revisions"}],"predecessor-version":[{"id":11739,"href":"https:\/\/www.ecuadoraldia.com.ec\/index.php?rest_route=\/wp\/v2\/posts\/11737\/revisions\/11739"}],"wp:featuredmedia":[{"embeddable":true,"href":"https:\/\/www.ecuadoraldia.com.ec\/index.php?rest_route=\/wp\/v2\/media\/11738"}],"wp:attachment":[{"href":"https:\/\/www.ecuadoraldia.com.ec\/index.php?rest_route=%2Fwp%2Fv2%2Fmedia&parent=11737"}],"wp:term":[{"taxonomy":"category","embeddable":true,"href":"https:\/\/www.ecuadoraldia.com.ec\/index.php?rest_route=%2Fwp%2Fv2%2Fcategories&post=11737"},{"taxonomy":"post_tag","embeddable":true,"href":"https:\/\/www.ecuadoraldia.com.ec\/index.php?rest_route=%2Fwp%2Fv2%2Ftags&post=11737"}],"curies":[{"name":"wp","href":"https:\/\/api.w.org\/{rel}","templated":true}]}}