{"id":11848,"date":"2016-02-23T21:25:07","date_gmt":"2016-02-23T21:25:07","guid":{"rendered":"http:\/\/www.ecuadoraldia.com.ec\/?p=11848"},"modified":"2016-02-23T21:25:07","modified_gmt":"2016-02-23T21:25:07","slug":"ejecutivo-enviara-hoy-paquete-de-reformas-laborales-a-la-asamblea","status":"publish","type":"post","link":"https:\/\/www.ecuadoraldia.com.ec\/?p=11848","title":{"rendered":"Ejecutivo enviar\u00e1 hoy paquete de reformas laborales a la Asamblea"},"content":{"rendered":"<p style=\"text-align: justify;\"><a href=\"http:\/\/www.ecuadoraldia.com.ec\/wp-content\/uploads\/2016\/02\/gob.jpg\" rel=\"attachment wp-att-11849\"><img loading=\"lazy\" decoding=\"async\" class=\"alignleft size-medium wp-image-11849\" src=\"http:\/\/www.ecuadoraldia.com.ec\/wp-content\/uploads\/2016\/02\/gob-300x180.jpg\" alt=\"gob\" width=\"300\" height=\"180\" srcset=\"https:\/\/www.ecuadoraldia.com.ec\/wp-content\/uploads\/2016\/02\/gob-300x180.jpg 300w, https:\/\/www.ecuadoraldia.com.ec\/wp-content\/uploads\/2016\/02\/gob.jpg 470w\" sizes=\"(max-width: 300px) 100vw, 300px\" \/><\/a>Quito, 23 feb (Andes).- El mandatario ecuatoriano Rafael Correa enviar\u00e1 la tarde de este martes (17:00) a la Asamblea Nacional un paquete de reformas laborales con el fin de proteger el empleo en el pa\u00eds sudamericano, as\u00ed lo confirm\u00f3 el ministro de Trabajo, Leonardo Berrezueta.<\/p>\n<p style=\"text-align: justify;\">El documento incluir\u00e1, entre otras cosas, la propuesta de un seguro de desempleo que tiene como fin \u201capoyar a un trabajador que se encuentra cesante y que haya tenido al menos 24 aportaciones y de ellas seis sean continuas\u201d, explic\u00f3 el ministro previo a participar en la reuni\u00f3n del gabinete ministerial liderada por el mandatario y en donde se analiz\u00f3 el crecimiento de Ecuador en 2016 y la proyecci\u00f3n para el pr\u00f3ximo a\u00f1o.<\/p>\n<p style=\"text-align: justify;\">Las personas que podr\u00e1n acogerse a este seguro deber\u00e1n haber estado desempleadas al menos los \u00faltimos seis meses y se les entregar\u00e1 un salario equivalente al 70% de las \u00faltimas seis remuneraciones continuas que haya tenido el trabajador.<\/p>\n<p style=\"text-align: justify;\">El seguro de desempleo podr\u00e1 extenderse hasta por cinco meses, para ello, dijo Berrezueta, \u201cel Estado ha hecho todo el an\u00e1lisis financiero para que no haya ninguna afectaci\u00f3n\u201d a la econom\u00eda ecuatoriana o a los fondos del Instituto Ecuatoriano de Seguridad Social (IESS).<\/p>\n<p style=\"text-align: justify;\">En un solo documento se incluir\u00e1n las reformas que plante\u00f3 en d\u00edas anteriores el Ejecutivo, por ejemplo, el tema de la reducci\u00f3n de la jornada laboral, que se contempla en el C\u00f3digo del Trabajo; reformas a la Ley de Pasant\u00edas, Contrato juvenil, entre otras.<\/p>\n<p style=\"text-align: justify;\">En el caso de la reducci\u00f3n de la jornada laboral, el funcionario explic\u00f3 que esta se aplicar\u00e1 previo acuerdo entre trabajadores y empleadores y que no se reducir\u00e1 los salarios de los trabajadores.<\/p>\n<p style=\"text-align: justify;\">\u201cCon esto no estamos reduciendo un centavo al salario de los trabajadores y con base a los criterios de varios sectores tenemos un texto claro que permita impulsar el tema de la producci\u00f3n, precautelar el empleo y crear nuevas fuentes de trabajo\u201d, se\u00f1al\u00f3 el ministro.<\/p>\n<p style=\"text-align: justify;\">La jornada laboral podr\u00e1 reducirse hasta 30 horas a la semana y ninguna empresa que se acoja a este beneficio podr\u00e1 declarar impuesto a la renta, mientras todos sus colaboradores no hayan cumplido las 40 horas a la semana.<\/p>\n<p style=\"text-align: justify;\">En el caso de la Ley de Pasant\u00edas, se modificar\u00e1 la normativa para que los practicantes ingresen a las empresas privadas y reciban como remuneraci\u00f3n un valor por concepto de vi\u00e1ticos y no un salario b\u00e1sico unificado como ocurre en la actualidad. Eso como un incentivo para que se amplien las pasat\u00edas en el sector privado.<\/p>\n<p style=\"text-align: justify;\">El secretario jur\u00eddico de la presidencia, Alexis Mera, confirm\u00f3 a los medios de comunicaci\u00f3n en el Palacio de Carondelet, sede del gobierno ecuatoriano, que el documento llegar\u00e1 a la Asamblea aproximadamente a las 17:00 (locales) y que el titular del IESS, Richard Espinosa, explicar\u00e1 los detalles.<\/p>\n<p style=\"text-align: justify;\">El proyecto ser\u00e1 enviado con car\u00e1cter de econ\u00f3mico urgente y, seg\u00fan Mera, podr\u00eda ingresar a la Comisi\u00f3n de R\u00e9gimen Econ\u00f3mico. La Asamblea tendr\u00eda 30 d\u00edas para aprobar o rechazar el proyecto. ANDES<\/p>\n","protected":false},"excerpt":{"rendered":"<p>Quito, 23 feb (Andes).- El mandatario ecuatoriano Rafael Correa enviar\u00e1 la tarde de este martes (17:00) a la Asamblea Nacional<\/p>\n","protected":false},"author":1,"featured_media":11849,"comment_status":"open","ping_status":"open","sticky":false,"template":"","format":"standard","meta":{"footnotes":""},"categories":[3],"tags":[],"_links":{"self":[{"href":"https:\/\/www.ecuadoraldia.com.ec\/index.php?rest_route=\/wp\/v2\/posts\/11848"}],"collection":[{"href":"https:\/\/www.ecuadoraldia.com.ec\/index.php?rest_route=\/wp\/v2\/posts"}],"about":[{"href":"https:\/\/www.ecuadoraldia.com.ec\/index.php?rest_route=\/wp\/v2\/types\/post"}],"author":[{"embeddable":true,"href":"https:\/\/www.ecuadoraldia.com.ec\/index.php?rest_route=\/wp\/v2\/users\/1"}],"replies":[{"embeddable":true,"href":"https:\/\/www.ecuadoraldia.com.ec\/index.php?rest_route=%2Fwp%2Fv2%2Fcomments&post=11848"}],"version-history":[{"count":1,"href":"https:\/\/www.ecuadoraldia.com.ec\/index.php?rest_route=\/wp\/v2\/posts\/11848\/revisions"}],"predecessor-version":[{"id":11850,"href":"https:\/\/www.ecuadoraldia.com.ec\/index.php?rest_route=\/wp\/v2\/posts\/11848\/revisions\/11850"}],"wp:featuredmedia":[{"embeddable":true,"href":"https:\/\/www.ecuadoraldia.com.ec\/index.php?rest_route=\/wp\/v2\/media\/11849"}],"wp:attachment":[{"href":"https:\/\/www.ecuadoraldia.com.ec\/index.php?rest_route=%2Fwp%2Fv2%2Fmedia&parent=11848"}],"wp:term":[{"taxonomy":"category","embeddable":true,"href":"https:\/\/www.ecuadoraldia.com.ec\/index.php?rest_route=%2Fwp%2Fv2%2Fcategories&post=11848"},{"taxonomy":"post_tag","embeddable":true,"href":"https:\/\/www.ecuadoraldia.com.ec\/index.php?rest_route=%2Fwp%2Fv2%2Ftags&post=11848"}],"curies":[{"name":"wp","href":"https:\/\/api.w.org\/{rel}","templated":true}]}}