{"id":11851,"date":"2016-02-23T21:50:10","date_gmt":"2016-02-23T21:50:10","guid":{"rendered":"http:\/\/www.ecuadoraldia.com.ec\/?p=11851"},"modified":"2016-02-23T21:51:23","modified_gmt":"2016-02-23T21:51:23","slug":"800-millones-mas-para-el-presupuesto-general-del-estado","status":"publish","type":"post","link":"https:\/\/www.ecuadoraldia.com.ec\/?p=11851","title":{"rendered":"800 millones m\u00e1s para el Presupuesto General del Estado"},"content":{"rendered":"<p style=\"text-align: justify;\"><a href=\"http:\/\/www.ecuadoraldia.com.ec\/wp-content\/uploads\/2016\/02\/Patricio-Rivera-.jpg\" rel=\"attachment wp-att-11852\"><img loading=\"lazy\" decoding=\"async\" class=\"alignleft size-medium wp-image-11852\" src=\"http:\/\/www.ecuadoraldia.com.ec\/wp-content\/uploads\/2016\/02\/Patricio-Rivera--300x161.jpg\" alt=\"Patricio-Rivera-\" width=\"300\" height=\"161\" srcset=\"https:\/\/www.ecuadoraldia.com.ec\/wp-content\/uploads\/2016\/02\/Patricio-Rivera--300x161.jpg 300w, https:\/\/www.ecuadoraldia.com.ec\/wp-content\/uploads\/2016\/02\/Patricio-Rivera-.jpg 680w\" sizes=\"(max-width: 300px) 100vw, 300px\" \/><\/a>El ministro coordinador de la Pol\u00edtica Econ\u00f3mica, Patricio Rivera, inform\u00f3 este martes que en los pr\u00f3ximos d\u00edas llegar\u00e1n al pa\u00eds desembolsos importantes que bordean los $ 800 millones y que son parte del programa de financiamiento contemplado en el presupuesto aprobado por la Asamblea Nacional.<\/p>\n<p style=\"text-align: justify;\">El funcionario dio estas declaraciones en el marco del taller \u201cEcuador al 2017\u201d, liderado por el Presidente Rafael Correa, y que se realiz\u00f3 en el Palacio de Carondelet.<br \/>\nRivera, adem\u00e1s, adelant\u00f3 que se har\u00e1n ajustes a la proforma presupuestaria tomando en cuenta que los precios reales del precio del crudo oscilan entre 21 a 22 d\u00f3lares<\/p>\n<p style=\"text-align: justify;\">El ministro Rivera tambi\u00e9n se refiri\u00f3 a los retos que se asumir\u00e1n en los pr\u00f3ximos meses, como la atenci\u00f3n al sector externo frente a una coyuntura ante los bajos precios del petr\u00f3leo que en este momento no cubren costos de producci\u00f3n.<\/p>\n<p style=\"text-align: justify;\">\u201cEl reto es garantizar la competitividad del Ecuador en un marco tan adverso\u201d, enfatiz\u00f3 el funcionario de Estado. Finalmente, indic\u00f3 que se har\u00e1n ajustes a la proforma presupuestaria tomando en cuenta que los precios reales del precio del crudo oscilan entre 21 a 22 d\u00f3lares por lo que se tiene que responder a esa coyuntura. \u00abEsto implica esforzarse m\u00e1s en t\u00e9rminos de buscar m\u00e1rgenes de priorizaci\u00f3n y de gasto p\u00fablico. Los ajustes se publicar\u00e1n en los pr\u00f3ximos d\u00edas\u00bb, explic\u00f3 Rivera. (I) El ciudadano<\/p>\n","protected":false},"excerpt":{"rendered":"<p>El ministro coordinador de la Pol\u00edtica Econ\u00f3mica, Patricio Rivera, inform\u00f3 este martes que en los pr\u00f3ximos d\u00edas llegar\u00e1n al pa\u00eds<\/p>\n","protected":false},"author":1,"featured_media":11852,"comment_status":"open","ping_status":"open","sticky":false,"template":"","format":"standard","meta":{"footnotes":""},"categories":[9],"tags":[],"_links":{"self":[{"href":"https:\/\/www.ecuadoraldia.com.ec\/index.php?rest_route=\/wp\/v2\/posts\/11851"}],"collection":[{"href":"https:\/\/www.ecuadoraldia.com.ec\/index.php?rest_route=\/wp\/v2\/posts"}],"about":[{"href":"https:\/\/www.ecuadoraldia.com.ec\/index.php?rest_route=\/wp\/v2\/types\/post"}],"author":[{"embeddable":true,"href":"https:\/\/www.ecuadoraldia.com.ec\/index.php?rest_route=\/wp\/v2\/users\/1"}],"replies":[{"embeddable":true,"href":"https:\/\/www.ecuadoraldia.com.ec\/index.php?rest_route=%2Fwp%2Fv2%2Fcomments&post=11851"}],"version-history":[{"count":2,"href":"https:\/\/www.ecuadoraldia.com.ec\/index.php?rest_route=\/wp\/v2\/posts\/11851\/revisions"}],"predecessor-version":[{"id":11854,"href":"https:\/\/www.ecuadoraldia.com.ec\/index.php?rest_route=\/wp\/v2\/posts\/11851\/revisions\/11854"}],"wp:featuredmedia":[{"embeddable":true,"href":"https:\/\/www.ecuadoraldia.com.ec\/index.php?rest_route=\/wp\/v2\/media\/11852"}],"wp:attachment":[{"href":"https:\/\/www.ecuadoraldia.com.ec\/index.php?rest_route=%2Fwp%2Fv2%2Fmedia&parent=11851"}],"wp:term":[{"taxonomy":"category","embeddable":true,"href":"https:\/\/www.ecuadoraldia.com.ec\/index.php?rest_route=%2Fwp%2Fv2%2Fcategories&post=11851"},{"taxonomy":"post_tag","embeddable":true,"href":"https:\/\/www.ecuadoraldia.com.ec\/index.php?rest_route=%2Fwp%2Fv2%2Ftags&post=11851"}],"curies":[{"name":"wp","href":"https:\/\/api.w.org\/{rel}","templated":true}]}}