{"id":11855,"date":"2016-02-24T23:39:02","date_gmt":"2016-02-24T23:39:02","guid":{"rendered":"http:\/\/www.ecuadoraldia.com.ec\/?p=11855"},"modified":"2016-02-24T23:40:22","modified_gmt":"2016-02-24T23:40:22","slug":"ecuador-reajusta-su-presupuesto-estatal-con-barril-de-petroleo-a-25-dolares","status":"publish","type":"post","link":"https:\/\/www.ecuadoraldia.com.ec\/?p=11855","title":{"rendered":"El Gobierno  reajusta el  presupuesto  con barril de petr\u00f3leo a 25 d\u00f3lares"},"content":{"rendered":"<p style=\"text-align: justify;\"><a href=\"http:\/\/www.ecuadoraldia.com.ec\/wp-content\/uploads\/2016\/02\/correa-en-enlace.jpg\" rel=\"attachment wp-att-11856\"><img loading=\"lazy\" decoding=\"async\" class=\"alignleft size-medium wp-image-11856\" src=\"http:\/\/www.ecuadoraldia.com.ec\/wp-content\/uploads\/2016\/02\/correa-en-enlace-300x219.jpg\" alt=\"correa-en-enlace\" width=\"300\" height=\"219\" srcset=\"https:\/\/www.ecuadoraldia.com.ec\/wp-content\/uploads\/2016\/02\/correa-en-enlace-300x219.jpg 300w, https:\/\/www.ecuadoraldia.com.ec\/wp-content\/uploads\/2016\/02\/correa-en-enlace.jpg 400w\" sizes=\"(max-width: 300px) 100vw, 300px\" \/><\/a>Quito, 24 feb (Andes).- El mandatario ecuatoriano, Rafael Correa, confirm\u00f3 este mi\u00e9rcoles que se realizar\u00e1 un reajuste al Presupuesto General del Estado (PGE) con un precio por barril de petr\u00f3leo de 25 d\u00f3lares y no de 35, como se aprob\u00f3 en 2015, con el fin de proteger la econom\u00eda ecuatoriana frente a la situaci\u00f3n econ\u00f3mica externa.<\/p>\n<p style=\"text-align: justify;\">\u201cEl d\u00eda lunes he tenido otra reuni\u00f3n muy larga sobre presupuesto para ajustar el precio referencial del barril, estaba a 35 y lo hemos ajustado a 25 (d\u00f3lares)\u201d, se\u00f1al\u00f3 el mandatario en declaraciones a periodistas en Quito.<\/p>\n<p style=\"text-align: justify;\">El Jefe de Estado tambi\u00e9n aclar\u00f3 que se va a priorizar la inversi\u00f3n en el sector social \u201csin afectar a los m\u00e1s pobres\u201d. Y agreg\u00f3 que, al igual que en 2015, cuando tambi\u00e9n se ajust\u00f3 el PGE, se trabajar\u00e1 en beneficio de la clase baja del pa\u00eds.<\/p>\n<p style=\"text-align: justify;\">\u201cEllos (la oposici\u00f3n) dicen no ha hecho nada Correa y proporcionalmente hemos hecho m\u00e1s que M\u00e9xico y Brasil (\u2026) y lo hicimos sin afectar a los m\u00e1s pobres ellos est\u00e1n esperando el garrotazo a la clase baja, que sigan esperando\u201d, finaliz\u00f3.<\/p>\n<p style=\"text-align: justify;\">El pasado lunes el mandatario se reuni\u00f3 con su gabinete ministerial en el Palacio de Carondelet, para analizar las cifras macro econ\u00f3micas y las proyecciones de crecimiento de Ecuador en este a\u00f1o.<\/p>\n<p>En ese encuentro, seg\u00fan inform\u00f3 el ministro coordinador de la Pol\u00edtica Econ\u00f3mica, Patricio Rivera, se defini\u00f3 que \u201clas cifras macro econ\u00f3micas, el entorno internacional y los precios del crudo determinan que debemos hacer ajustes (en el PGE)\u201d.<\/p>\n","protected":false},"excerpt":{"rendered":"<p>Quito, 24 feb (Andes).- El mandatario ecuatoriano, Rafael Correa, confirm\u00f3 este mi\u00e9rcoles que se realizar\u00e1 un reajuste al Presupuesto General<\/p>\n","protected":false},"author":1,"featured_media":11856,"comment_status":"open","ping_status":"open","sticky":false,"template":"","format":"standard","meta":{"footnotes":""},"categories":[3],"tags":[],"_links":{"self":[{"href":"https:\/\/www.ecuadoraldia.com.ec\/index.php?rest_route=\/wp\/v2\/posts\/11855"}],"collection":[{"href":"https:\/\/www.ecuadoraldia.com.ec\/index.php?rest_route=\/wp\/v2\/posts"}],"about":[{"href":"https:\/\/www.ecuadoraldia.com.ec\/index.php?rest_route=\/wp\/v2\/types\/post"}],"author":[{"embeddable":true,"href":"https:\/\/www.ecuadoraldia.com.ec\/index.php?rest_route=\/wp\/v2\/users\/1"}],"replies":[{"embeddable":true,"href":"https:\/\/www.ecuadoraldia.com.ec\/index.php?rest_route=%2Fwp%2Fv2%2Fcomments&post=11855"}],"version-history":[{"count":3,"href":"https:\/\/www.ecuadoraldia.com.ec\/index.php?rest_route=\/wp\/v2\/posts\/11855\/revisions"}],"predecessor-version":[{"id":11859,"href":"https:\/\/www.ecuadoraldia.com.ec\/index.php?rest_route=\/wp\/v2\/posts\/11855\/revisions\/11859"}],"wp:featuredmedia":[{"embeddable":true,"href":"https:\/\/www.ecuadoraldia.com.ec\/index.php?rest_route=\/wp\/v2\/media\/11856"}],"wp:attachment":[{"href":"https:\/\/www.ecuadoraldia.com.ec\/index.php?rest_route=%2Fwp%2Fv2%2Fmedia&parent=11855"}],"wp:term":[{"taxonomy":"category","embeddable":true,"href":"https:\/\/www.ecuadoraldia.com.ec\/index.php?rest_route=%2Fwp%2Fv2%2Fcategories&post=11855"},{"taxonomy":"post_tag","embeddable":true,"href":"https:\/\/www.ecuadoraldia.com.ec\/index.php?rest_route=%2Fwp%2Fv2%2Ftags&post=11855"}],"curies":[{"name":"wp","href":"https:\/\/api.w.org\/{rel}","templated":true}]}}