{"id":11860,"date":"2016-02-25T20:18:52","date_gmt":"2016-02-25T20:18:52","guid":{"rendered":"http:\/\/www.ecuadoraldia.com.ec\/?p=11860"},"modified":"2016-02-25T20:18:52","modified_gmt":"2016-02-25T20:18:52","slug":"sistema-migratorio-de-europa-corre-el-riesgo-de-hundirse-en-10-dias","status":"publish","type":"post","link":"https:\/\/www.ecuadoraldia.com.ec\/?p=11860","title":{"rendered":"Sistema migratorio de Europa \u00abcorre el riesgo de hundirse en 10 d\u00edas\u00bb"},"content":{"rendered":"<p style=\"text-align: justify;\"><a href=\"http:\/\/www.ecuadoraldia.com.ec\/wp-content\/uploads\/2016\/02\/bebeinmigrante.jpg\" rel=\"attachment wp-att-11861\"><img loading=\"lazy\" decoding=\"async\" class=\"alignleft size-medium wp-image-11861\" src=\"http:\/\/www.ecuadoraldia.com.ec\/wp-content\/uploads\/2016\/02\/bebeinmigrante-300x192.jpg\" alt=\"bebeinmigrante\" width=\"300\" height=\"192\" srcset=\"https:\/\/www.ecuadoraldia.com.ec\/wp-content\/uploads\/2016\/02\/bebeinmigrante-300x192.jpg 300w, https:\/\/www.ecuadoraldia.com.ec\/wp-content\/uploads\/2016\/02\/bebeinmigrante.jpg 385w\" sizes=\"(max-width: 300px) 100vw, 300px\" \/><\/a>AFP. La UE tiene diez d\u00edas, hasta la cumbre del 7 de marzo con Turqu\u00eda, para aportar resultados a la crisis migratoria, pues en caso contrario el sistema migratorio del bloque se puede \u00abhundir totalmente\u00bb, dijo este jueves el comisario europeo para las Migraciones, Dimitris Avramopoulos.<\/p>\n<p style=\"text-align: justify;\">\u00abNecesitamos, en los pr\u00f3ximos diez d\u00edas, resultados claros y tangibles en el terreno. En caso contrario, hay riesgo de que el sistema se hunda totalmente\u00bb, dijo Avramopoulos en conferencia de prensa, tras una reuni\u00f3n sobre esta crisis migratoria de los 28 ministros de Interior del bloque en Bruselas.<\/p>\n<p style=\"text-align: justify;\">Avramopoulos pidi\u00f3 que se apliquen r\u00e1pidamente las decisiones tomadas por los 28 miembros de la UE sobre las cuotas de repartici\u00f3n de refugiados en la UE para aliviar a Italia y Grecia.<\/p>\n<p style=\"text-align: justify;\">\u00abYa no es momento para las acciones sin coordinaci\u00f3n. (&#8230;) Ya no hay tiempo que perder\u00bb, declar\u00f3 Avramopoulos.<\/p>\n<p style=\"text-align: justify;\">El comisario europeo calific\u00f3 de \u00abmuy cr\u00edtica\u00bb la situaci\u00f3n de los migrantes que buscan llegar al norte de Europa por la ruta de los Balcanes y que est\u00e1n bloqueados en las fronteras de varios pa\u00edses.<\/p>\n<p>\u00abLa posibilidad de que haya una crisis humanitaria de gran escala est\u00e1 aqu\u00ed, es muy real, est\u00e1 muy cerca\u00bb, advirti\u00f3.<\/p>\n","protected":false},"excerpt":{"rendered":"<p>AFP. La UE tiene diez d\u00edas, hasta la cumbre del 7 de marzo con Turqu\u00eda, para aportar resultados a la<\/p>\n","protected":false},"author":1,"featured_media":11861,"comment_status":"open","ping_status":"open","sticky":false,"template":"","format":"standard","meta":{"footnotes":""},"categories":[17],"tags":[],"_links":{"self":[{"href":"https:\/\/www.ecuadoraldia.com.ec\/index.php?rest_route=\/wp\/v2\/posts\/11860"}],"collection":[{"href":"https:\/\/www.ecuadoraldia.com.ec\/index.php?rest_route=\/wp\/v2\/posts"}],"about":[{"href":"https:\/\/www.ecuadoraldia.com.ec\/index.php?rest_route=\/wp\/v2\/types\/post"}],"author":[{"embeddable":true,"href":"https:\/\/www.ecuadoraldia.com.ec\/index.php?rest_route=\/wp\/v2\/users\/1"}],"replies":[{"embeddable":true,"href":"https:\/\/www.ecuadoraldia.com.ec\/index.php?rest_route=%2Fwp%2Fv2%2Fcomments&post=11860"}],"version-history":[{"count":1,"href":"https:\/\/www.ecuadoraldia.com.ec\/index.php?rest_route=\/wp\/v2\/posts\/11860\/revisions"}],"predecessor-version":[{"id":11862,"href":"https:\/\/www.ecuadoraldia.com.ec\/index.php?rest_route=\/wp\/v2\/posts\/11860\/revisions\/11862"}],"wp:featuredmedia":[{"embeddable":true,"href":"https:\/\/www.ecuadoraldia.com.ec\/index.php?rest_route=\/wp\/v2\/media\/11861"}],"wp:attachment":[{"href":"https:\/\/www.ecuadoraldia.com.ec\/index.php?rest_route=%2Fwp%2Fv2%2Fmedia&parent=11860"}],"wp:term":[{"taxonomy":"category","embeddable":true,"href":"https:\/\/www.ecuadoraldia.com.ec\/index.php?rest_route=%2Fwp%2Fv2%2Fcategories&post=11860"},{"taxonomy":"post_tag","embeddable":true,"href":"https:\/\/www.ecuadoraldia.com.ec\/index.php?rest_route=%2Fwp%2Fv2%2Ftags&post=11860"}],"curies":[{"name":"wp","href":"https:\/\/api.w.org\/{rel}","templated":true}]}}