{"id":12047,"date":"2016-03-21T18:05:48","date_gmt":"2016-03-21T18:05:48","guid":{"rendered":"http:\/\/www.ecuadoraldia.com.ec\/?p=12047"},"modified":"2016-03-21T18:13:44","modified_gmt":"2016-03-21T18:13:44","slug":"barack-obama-llego-a-cuba-en-historica-visita","status":"publish","type":"post","link":"https:\/\/www.ecuadoraldia.com.ec\/?p=12047","title":{"rendered":"Barack Obama lleg\u00f3 a Cuba en hist\u00f3rica visita"},"content":{"rendered":"<p style=\"text-align: justify;\"><a href=\"http:\/\/www.ecuadoraldia.com.ec\/wp-content\/uploads\/2016\/03\/obama-cuba.jpg\" rel=\"attachment wp-att-12048\"><img loading=\"lazy\" decoding=\"async\" class=\"alignleft size-medium wp-image-12048\" src=\"http:\/\/www.ecuadoraldia.com.ec\/wp-content\/uploads\/2016\/03\/obama-cuba-300x142.jpg\" alt=\"obama cuba\" width=\"300\" height=\"142\" srcset=\"https:\/\/www.ecuadoraldia.com.ec\/wp-content\/uploads\/2016\/03\/obama-cuba-300x142.jpg 300w, https:\/\/www.ecuadoraldia.com.ec\/wp-content\/uploads\/2016\/03\/obama-cuba-768x362.jpg 768w, https:\/\/www.ecuadoraldia.com.ec\/wp-content\/uploads\/2016\/03\/obama-cuba-1024x483.jpg 1024w, https:\/\/www.ecuadoraldia.com.ec\/wp-content\/uploads\/2016\/03\/obama-cuba.jpg 1170w\" sizes=\"(max-width: 300px) 100vw, 300px\" \/><\/a>El presidente estadounidense, Barack Obama, lleg\u00f3 este domingo a La Habana en una visita hist\u00f3rica para intentar pasar la p\u00e1gina de m\u00e1s de cinco d\u00e9cadas de fuerte antagonismo.<\/p>\n<p style=\"text-align: justify;\">A su llegada al aeropuerto Jos\u00e9 Mart\u00ed, sobre las 16H25 (20H25 GMT), bajo una pertinaz lluvia, el mandatario estadounidense fue recibido por el canciller cubano, Bruno Rodr\u00edguez y por una delegaci\u00f3n de alto nivel del gobierno isle\u00f1o.<br \/>\nUn sonriente Obama salud\u00f3 con la delegaci\u00f3n cubana que entreg\u00f3 sendos ramilletes de flores a la familia presidencial que, tras el protocolo abord\u00f3 un auto en medio de la expectativa de la prensa y del fuerte aguacero.<\/p>\n<p style=\"text-align: justify;\">Obama parti\u00f3 de la base a\u00e9rea Andrews cerca de las 17H30 GMT junto con su esposa, Michelle, y con sus dos hijas, y se convirti\u00f3 en el primer presidente de Estados Unidos en 88 a\u00f1os en pisar suelo cubano.<br \/>\nSus objetivos son por lo menos dos: encontrarse con el pueblo cubano y consolidar la nueva relaci\u00f3n con el presidente Ra\u00fal Castro, en la senda del espectacular acercamiento iniciado en diciembre de 2014.<\/p>\n<p style=\"text-align: justify;\">La visita, que se extender\u00e1 hasta el martes, cuando seguir\u00e1 viaje a Argentina, servir\u00e1 tambi\u00e9n para que Obama refuerce la imagen de un Estados Unidos diferente al que por d\u00e9cadas promovi\u00f3 intervenciones y consider\u00f3 a Am\u00e9rica Latina como su patio trasero.<br \/>\nY en el \u00faltimo a\u00f1o de su segunda presidencia, Obama debe asegurarse de que sus avances con Cuba no puedan revertirse, sea quien sea el que le suceda en la Casa Blanca el a\u00f1o pr\u00f3ximo.<\/p>\n<p style=\"text-align: justify;\">Un gesto para tratar de reforzar la nueva relaci\u00f3n ser\u00e1 la reuni\u00f3n que sostendr\u00e1 en la propia La Habana con un grupo de disidentes, impensable hasta hace poco tiempo.<br \/>\nTambi\u00e9n su anuncio de que en la reuni\u00f3n que tendr\u00e1 con Ra\u00fal Castro este lunes abordar\u00e1 sin ambages el tema de los derechos humanos; y de parte de Cuba, su decisi\u00f3n de transmitir en directo el discurso del presidente estadounidense.<br \/>\nApertura pese al embargo<\/p>\n<p style=\"text-align: justify;\">Aunque no puede anular el embargo econ\u00f3mico contra Cuba vigente desde 1962, pues es una atribuci\u00f3n del Congreso que domina actualmente la oposici\u00f3n republicana, Obama se ha cuidado de dar se\u00f1ales positivas en ese sentido y con sus poderes presidenciales ha decretado una serie de medidas de alivio a las restricciones.<br \/>\nEl levantamiento del embargo, que cada a\u00f1o es solicitado por Naciones Unidas, es tambi\u00e9n la principal demanda de Cuba, que le atribuye buena parte de sus penurias econ\u00f3micas.<br \/>\nY, seg\u00fan Obama, d\u00e9cadas con esa misma pol\u00edtica frente a la isla han demostrado su poca eficacia.<\/p>\n<p style=\"text-align: justify;\">Adem\u00e1s, las empresas estadounidenses est\u00e1n \u00e1vidas por hacer negocios en Cuba. El s\u00e1bado, la cadena Starwood (Meridien, W, Westin y Sheraton) anunci\u00f3 un acuerdo con las autoridades cubanas para abrir dos hoteles de lujo en La Habana antes de fin de a\u00f1o.<br \/>\nTambi\u00e9n el portal Airbnb obtuvo autorizaci\u00f3n de Estados Unidos para ampliar sus operaciones en Cuba, seg\u00fan anunci\u00f3 este domingo.<br \/>\nhttps:\/\/youtu.be\/AhO07pDIraU<\/p>\n","protected":false},"excerpt":{"rendered":"<p>El presidente estadounidense, Barack Obama, lleg\u00f3 este domingo a La Habana en una visita hist\u00f3rica para intentar pasar la p\u00e1gina<\/p>\n","protected":false},"author":1,"featured_media":12048,"comment_status":"open","ping_status":"open","sticky":false,"template":"","format":"standard","meta":{"footnotes":""},"categories":[7],"tags":[],"_links":{"self":[{"href":"https:\/\/www.ecuadoraldia.com.ec\/index.php?rest_route=\/wp\/v2\/posts\/12047"}],"collection":[{"href":"https:\/\/www.ecuadoraldia.com.ec\/index.php?rest_route=\/wp\/v2\/posts"}],"about":[{"href":"https:\/\/www.ecuadoraldia.com.ec\/index.php?rest_route=\/wp\/v2\/types\/post"}],"author":[{"embeddable":true,"href":"https:\/\/www.ecuadoraldia.com.ec\/index.php?rest_route=\/wp\/v2\/users\/1"}],"replies":[{"embeddable":true,"href":"https:\/\/www.ecuadoraldia.com.ec\/index.php?rest_route=%2Fwp%2Fv2%2Fcomments&post=12047"}],"version-history":[{"count":2,"href":"https:\/\/www.ecuadoraldia.com.ec\/index.php?rest_route=\/wp\/v2\/posts\/12047\/revisions"}],"predecessor-version":[{"id":12053,"href":"https:\/\/www.ecuadoraldia.com.ec\/index.php?rest_route=\/wp\/v2\/posts\/12047\/revisions\/12053"}],"wp:featuredmedia":[{"embeddable":true,"href":"https:\/\/www.ecuadoraldia.com.ec\/index.php?rest_route=\/wp\/v2\/media\/12048"}],"wp:attachment":[{"href":"https:\/\/www.ecuadoraldia.com.ec\/index.php?rest_route=%2Fwp%2Fv2%2Fmedia&parent=12047"}],"wp:term":[{"taxonomy":"category","embeddable":true,"href":"https:\/\/www.ecuadoraldia.com.ec\/index.php?rest_route=%2Fwp%2Fv2%2Fcategories&post=12047"},{"taxonomy":"post_tag","embeddable":true,"href":"https:\/\/www.ecuadoraldia.com.ec\/index.php?rest_route=%2Fwp%2Fv2%2Ftags&post=12047"}],"curies":[{"name":"wp","href":"https:\/\/api.w.org\/{rel}","templated":true}]}}