{"id":12054,"date":"2016-03-24T22:35:56","date_gmt":"2016-03-24T22:35:56","guid":{"rendered":"http:\/\/www.ecuadoraldia.com.ec\/?p=12054"},"modified":"2016-03-24T22:35:56","modified_gmt":"2016-03-24T22:35:56","slug":"el-cne-ratifico-que-el-presupuesto-establecido-para-2017-es-de-131-millones","status":"publish","type":"post","link":"https:\/\/www.ecuadoraldia.com.ec\/?p=12054","title":{"rendered":"El CNE ratific\u00f3 que el presupuesto establecido para 2017 es de $ 131 millones."},"content":{"rendered":"<p style=\"text-align: justify;\"><a href=\"http:\/\/www.ecuadoraldia.com.ec\/wp-content\/uploads\/2016\/03\/cne-pp.jpg\" rel=\"attachment wp-att-12055\"><img loading=\"lazy\" decoding=\"async\" class=\"alignleft size-medium wp-image-12055\" src=\"http:\/\/www.ecuadoraldia.com.ec\/wp-content\/uploads\/2016\/03\/cne-pp-300x167.jpg\" alt=\"cne pp\" width=\"300\" height=\"167\" srcset=\"https:\/\/www.ecuadoraldia.com.ec\/wp-content\/uploads\/2016\/03\/cne-pp-300x167.jpg 300w, https:\/\/www.ecuadoraldia.com.ec\/wp-content\/uploads\/2016\/03\/cne-pp.jpg 539w\" sizes=\"(max-width: 300px) 100vw, 300px\" \/><\/a>Registro y padr\u00f3n electoral, circunscripciones, democracia interna, promoci\u00f3n, fiscalizaci\u00f3n y gasto electoral y otros temas fueron analizados ayer en el consejo consultivo que realiz\u00f3 el Consejo Nacional Electoral (CNE). El encuentro fue en Guayaquil, con organizaciones pol\u00edticas de 4 provincias.<\/p>\n<p style=\"text-align: justify;\">El presidente del CNE, Juan Pablo Pozo, inform\u00f3 que las agrupaciones registradas podr\u00e1n acompa\u00f1ar en todos los procesos antes de las elecciones de 2017. \u201cComo primer punto de la auditor\u00eda se encuentra el registro electoral, donde es importante explicar c\u00f3mo se levanta esta informaci\u00f3n y sus etapas de depuraci\u00f3n\u201d. Sobre las elecciones, reiter\u00f3 que el presupuesto es de $ 131 millones, que incluye primera y segunda vuelta electoral. Una vez m\u00e1s descart\u00f3 que para los comicios se implemente el voto electr\u00f3nico.<\/p>\n<p style=\"text-align: justify;\">Para las organizaciones que est\u00e1n en proceso de registrarse record\u00f3 que el plazo m\u00e1ximo es hasta el 18 de agosto. Al consejo consultivo asistieron representantes de 25 organizaciones pol\u00edticas de las provincias de Guayas, Santa Elena, Los R\u00edos y Gal\u00e1pagos. El asamble\u00edsta Henry Cucal\u00f3n, delegado por Madera de Guerrero, destac\u00f3 la apertura de estos encuentros. \u201cTengo que reconocer que el actual presidente en las formas se maneja de una manera distinta\u201d.<\/p>\n","protected":false},"excerpt":{"rendered":"<p>Registro y padr\u00f3n electoral, circunscripciones, democracia interna, promoci\u00f3n, fiscalizaci\u00f3n y gasto electoral y otros temas fueron analizados ayer en el<\/p>\n","protected":false},"author":1,"featured_media":12055,"comment_status":"open","ping_status":"open","sticky":false,"template":"","format":"standard","meta":{"footnotes":""},"categories":[3],"tags":[],"_links":{"self":[{"href":"https:\/\/www.ecuadoraldia.com.ec\/index.php?rest_route=\/wp\/v2\/posts\/12054"}],"collection":[{"href":"https:\/\/www.ecuadoraldia.com.ec\/index.php?rest_route=\/wp\/v2\/posts"}],"about":[{"href":"https:\/\/www.ecuadoraldia.com.ec\/index.php?rest_route=\/wp\/v2\/types\/post"}],"author":[{"embeddable":true,"href":"https:\/\/www.ecuadoraldia.com.ec\/index.php?rest_route=\/wp\/v2\/users\/1"}],"replies":[{"embeddable":true,"href":"https:\/\/www.ecuadoraldia.com.ec\/index.php?rest_route=%2Fwp%2Fv2%2Fcomments&post=12054"}],"version-history":[{"count":1,"href":"https:\/\/www.ecuadoraldia.com.ec\/index.php?rest_route=\/wp\/v2\/posts\/12054\/revisions"}],"predecessor-version":[{"id":12056,"href":"https:\/\/www.ecuadoraldia.com.ec\/index.php?rest_route=\/wp\/v2\/posts\/12054\/revisions\/12056"}],"wp:featuredmedia":[{"embeddable":true,"href":"https:\/\/www.ecuadoraldia.com.ec\/index.php?rest_route=\/wp\/v2\/media\/12055"}],"wp:attachment":[{"href":"https:\/\/www.ecuadoraldia.com.ec\/index.php?rest_route=%2Fwp%2Fv2%2Fmedia&parent=12054"}],"wp:term":[{"taxonomy":"category","embeddable":true,"href":"https:\/\/www.ecuadoraldia.com.ec\/index.php?rest_route=%2Fwp%2Fv2%2Fcategories&post=12054"},{"taxonomy":"post_tag","embeddable":true,"href":"https:\/\/www.ecuadoraldia.com.ec\/index.php?rest_route=%2Fwp%2Fv2%2Ftags&post=12054"}],"curies":[{"name":"wp","href":"https:\/\/api.w.org\/{rel}","templated":true}]}}