{"id":12061,"date":"2016-03-28T21:14:25","date_gmt":"2016-03-28T21:14:25","guid":{"rendered":"http:\/\/www.ecuadoraldia.com.ec\/?p=12061"},"modified":"2016-03-28T21:14:25","modified_gmt":"2016-03-28T21:14:25","slug":"informe-asegura-que-65-de-frecuencias-de-tv-vencio","status":"publish","type":"post","link":"https:\/\/www.ecuadoraldia.com.ec\/?p=12061","title":{"rendered":"Informe asegura que 65% de frecuencias de TV venci\u00f3"},"content":{"rendered":"<p style=\"text-align: justify;\"><a href=\"http:\/\/www.ecuadoraldia.com.ec\/wp-content\/uploads\/2016\/03\/tv.jpg\" rel=\"attachment wp-att-12062\"><img loading=\"lazy\" decoding=\"async\" class=\"alignleft size-medium wp-image-12062\" src=\"http:\/\/www.ecuadoraldia.com.ec\/wp-content\/uploads\/2016\/03\/tv-300x143.jpg\" alt=\"tv\" width=\"300\" height=\"143\" srcset=\"https:\/\/www.ecuadoraldia.com.ec\/wp-content\/uploads\/2016\/03\/tv-300x143.jpg 300w, https:\/\/www.ecuadoraldia.com.ec\/wp-content\/uploads\/2016\/03\/tv.jpg 495w\" sizes=\"(max-width: 300px) 100vw, 300px\" \/><\/a>A las puertas de que la Agencia de Regulaci\u00f3n y Control de las Telecomunicaciones (Arcotel) inicie el proceso de concesi\u00f3n de frecuencias del espectro radioel\u00e9ctrico, el consultor Romel Jurado propone 2 alternativas que faciliten su ejecuci\u00f3n: un proyecto de ley econ\u00f3mico-urgente o una reforma a la LOC. Esto, tomando en cuenta que \u2014seg\u00fan Jurado\u2014 ser\u00e1 la \u00faltima vez que se distribuya el espectro radioel\u00e9ctrico en Ecuador.<\/p>\n<p style=\"text-align: justify;\">\u201cEn unos 15 a 20 a\u00f1os todas las comunicaciones se har\u00e1n sobre plataforma digital. Estamos delante de la \u00faltima vez que el Estado ecuatoriano administre el espectro radioel\u00e9ctrico para se\u00f1al abierta de radio y televisi\u00f3n. Hay que asegurarse de que se haga con transparencia y con sentido democratizador\u201d. Jurado considera que si se hubiera cumplido con los plazos legales de un a\u00f1o a partir de la promulgaci\u00f3n de la LOC para iniciar con la distribuci\u00f3n de frecuencias, ahora \u201chabr\u00eda menos problemas\u201d.<\/p>\n<p style=\"text-align: justify;\">La LOC, en su art\u00edculo 111, establece que todo concesionario, sea natural o jur\u00eddico, o cualquier accionista de esa persona jur\u00eddica que como producto de un proceso de reversi\u00f3n perdi\u00f3 una frecuencia, queda impedido de ser nuevamente un concesionario. De acuerdo con Ana Proa\u00f1o, directora ejecutiva de Arcotel, la entidad habr\u00eda revertido 300 frecuencias desde 2009 y hasta mediados de febrero. No obstante Jurado, quien es consultor en temas de pol\u00edticas p\u00fablicas y derechos humanos, elabor\u00f3 el informe \u2018Due\u00f1os y cifras de los medios de comunicaci\u00f3n de alcance nacional en Ecuador\u2019, y lo public\u00f3 en 2016 con datos y cifras de 2013 y 2015 para \u201cser una primera fotograf\u00eda\u201d del estado de los medios (ver infograf\u00eda).<\/p>\n<p style=\"text-align: justify;\">El estudio, que tiene por objeto ser un aporte para las entidades involucradas en el proceso, determina que en el sector de radiodifusoras existe el 58% de concesiones vencidas entre 2006 y 2015. En televisi\u00f3n es el 65% entre 2012 y 2014. En ambos casos, pese a estar vencidas, algunas siguen en manos de sus antiguos concesionarios. Jurado explic\u00f3 a diario EL TEL\u00c9GRAFO que existe una corresponsabilidad por parte de los due\u00f1os de las concesiones que est\u00e1n vencidas y de las autoridades, debido a que una vez que termin\u00f3 el plazo para el uso de las frecuencias, las mismas no fueron entregadas pero tampoco reclamadas por los entes de control.<\/p>\n<p style=\"text-align: justify;\">\u201cAl haber un incumplimiento tanto de los que han recibido las frecuencias como de las autoridades p\u00fablicas que tienen el deber de exigir la devoluci\u00f3n de la frecuencia, se crea un conflicto jur\u00eddico que hace todav\u00eda m\u00e1s dif\u00edcil una distribuci\u00f3n de frecuencias\u201d, puntualiz\u00f3. \u00bfEntonces c\u00f3mo arreglar esta problem\u00e1tica? Jurado sugiere un proyecto de ley econ\u00f3mico-urgente porque las frecuencias tambi\u00e9n son un bien p\u00fablico, estrat\u00e9gico y de car\u00e1cter econ\u00f3mico.<\/p>\n<p style=\"text-align: justify;\">As\u00ed se podr\u00eda para sanear las condiciones legales que crean el problema como el plazo de concesi\u00f3n y la inversi\u00f3n extranjera en los medios de comunicaci\u00f3n nacionales que est\u00e1 prohibida por la LOC, pero que \u2014en opini\u00f3n de Jurado\u2014 ayudar\u00eda a producir contenidos de mayor calidad, cumpliendo con la Constituci\u00f3n. En el informe tambi\u00e9n se revela que los accionistas en su mayor\u00eda son nacionales. Otra de las propuestas es una reforma a la LOC, pero \u201cesta v\u00eda es un poco m\u00e1s costosa en t\u00e9rminos pol\u00edticos y de tiempo\u201d.<\/p>\n<p style=\"text-align: justify;\">Por su parte, ayer, Proa\u00f1o record\u00f3 que la und\u00e9cima disposici\u00f3n transitoria de la LOC estipula que \u201clas estaciones de radio y televisi\u00f3n, cuya concesi\u00f3n de frecuencia se extinga dentro del plazo de 1 a\u00f1o contado desde la publicaci\u00f3n de la LOC en el Registro Oficial, quedar\u00e1n prorrogadas\u201d por 1 a\u00f1o desde la vigencia de la Ley; es decir, hasta junio de 2014. Ese a\u00f1o \u2014dice la directora de Arcotel\u2014 la ex-Conatel autoriz\u00f3 una nueva pr\u00f3rroga ilimitada. \u201cSi bien esa pr\u00f3rroga no est\u00e1 amparada en la ley como tal, es una figura l\u00edcita porque est\u00e1 dentro de las competencias que tiene la autoridad de telecomunicaciones en el uso eficiente del espectro radioel\u00e9ctrico\u201d.<\/p>\n<p style=\"text-align: justify;\">El proceso deb\u00eda iniciar a fines de febrero, pero se ha retrasado \u2014seg\u00fan Proa\u00f1o\u2014 porque tanto la Arcotel como el Consejo de Regulaci\u00f3n de la Comunicaci\u00f3n y la Informaci\u00f3n (Cordicom) est\u00e1n elaborando los \u00faltimos reglamentos, que se aprobar\u00e1n entre hoy y ma\u00f1ana. (I) Etiquetas: Diario EL TEL\u00c9GRAFO<\/p>\n","protected":false},"excerpt":{"rendered":"<p>A las puertas de que la Agencia de Regulaci\u00f3n y Control de las Telecomunicaciones (Arcotel) inicie el proceso de concesi\u00f3n<\/p>\n","protected":false},"author":1,"featured_media":12062,"comment_status":"open","ping_status":"open","sticky":false,"template":"","format":"standard","meta":{"footnotes":""},"categories":[1],"tags":[],"_links":{"self":[{"href":"https:\/\/www.ecuadoraldia.com.ec\/index.php?rest_route=\/wp\/v2\/posts\/12061"}],"collection":[{"href":"https:\/\/www.ecuadoraldia.com.ec\/index.php?rest_route=\/wp\/v2\/posts"}],"about":[{"href":"https:\/\/www.ecuadoraldia.com.ec\/index.php?rest_route=\/wp\/v2\/types\/post"}],"author":[{"embeddable":true,"href":"https:\/\/www.ecuadoraldia.com.ec\/index.php?rest_route=\/wp\/v2\/users\/1"}],"replies":[{"embeddable":true,"href":"https:\/\/www.ecuadoraldia.com.ec\/index.php?rest_route=%2Fwp%2Fv2%2Fcomments&post=12061"}],"version-history":[{"count":1,"href":"https:\/\/www.ecuadoraldia.com.ec\/index.php?rest_route=\/wp\/v2\/posts\/12061\/revisions"}],"predecessor-version":[{"id":12063,"href":"https:\/\/www.ecuadoraldia.com.ec\/index.php?rest_route=\/wp\/v2\/posts\/12061\/revisions\/12063"}],"wp:featuredmedia":[{"embeddable":true,"href":"https:\/\/www.ecuadoraldia.com.ec\/index.php?rest_route=\/wp\/v2\/media\/12062"}],"wp:attachment":[{"href":"https:\/\/www.ecuadoraldia.com.ec\/index.php?rest_route=%2Fwp%2Fv2%2Fmedia&parent=12061"}],"wp:term":[{"taxonomy":"category","embeddable":true,"href":"https:\/\/www.ecuadoraldia.com.ec\/index.php?rest_route=%2Fwp%2Fv2%2Fcategories&post=12061"},{"taxonomy":"post_tag","embeddable":true,"href":"https:\/\/www.ecuadoraldia.com.ec\/index.php?rest_route=%2Fwp%2Fv2%2Ftags&post=12061"}],"curies":[{"name":"wp","href":"https:\/\/api.w.org\/{rel}","templated":true}]}}