{"id":12064,"date":"2016-03-28T21:18:47","date_gmt":"2016-03-28T21:18:47","guid":{"rendered":"http:\/\/www.ecuadoraldia.com.ec\/?p=12064"},"modified":"2016-03-28T21:18:47","modified_gmt":"2016-03-28T21:18:47","slug":"ley-de-proteccion-del-empleo-entro-en-vigencia","status":"publish","type":"post","link":"https:\/\/www.ecuadoraldia.com.ec\/?p=12064","title":{"rendered":"Ley de Protecci\u00f3n del Empleo entr\u00f3 en vigencia"},"content":{"rendered":"<p style=\"text-align: justify;\"><a href=\"http:\/\/www.ecuadoraldia.com.ec\/wp-content\/uploads\/2016\/03\/ocupacion.jpg\" rel=\"attachment wp-att-12065\"><img loading=\"lazy\" decoding=\"async\" class=\"alignleft size-medium wp-image-12065\" src=\"http:\/\/www.ecuadoraldia.com.ec\/wp-content\/uploads\/2016\/03\/ocupacion-300x199.jpg\" alt=\"ocupacion\" width=\"300\" height=\"199\" srcset=\"https:\/\/www.ecuadoraldia.com.ec\/wp-content\/uploads\/2016\/03\/ocupacion-300x199.jpg 300w, https:\/\/www.ecuadoraldia.com.ec\/wp-content\/uploads\/2016\/03\/ocupacion.jpg 452w\" sizes=\"(max-width: 300px) 100vw, 300px\" \/><\/a>La Ley Org\u00e1nica para la Promoci\u00f3n del Trabajo Juvenil, Regularizaci\u00f3n Excepcional de la Jornada de Trabajo, Cesant\u00eda y Seguro del desempleo fue publicada este lunes 28 de marzo en el Registro Oficial. As\u00ed lo se\u00f1al\u00f3 su director Hugo del Pozo, quien indic\u00f3 que consta en el suplemento 720.<\/p>\n<p style=\"text-align: justify;\">La norma se imprimi\u00f3 en 8 p\u00e1ginas. El Registro Oficial estim\u00f3 la publicaci\u00f3n de 2.000 ejemplares, en esta primera etapa, pero, seg\u00fan Del Pozo, no se descartar\u00edan nuevas publicaciones de acuerdo a la demanda.<\/p>\n<p style=\"text-align: justify;\">El costo es de $1,25 por ejemplar y el director del Registro Oficial se\u00f1al\u00f3 que hasta las 10:00 de hoy se comercializaron aproximadamente 100 ejemplares. Por ello no descartan realizar una nueva impresi\u00f3n de la norma. La ley estipula el plazo de 30 d\u00edas para que el Instituto Nacional de Seguridad Social (IESS) realice la reglamentaci\u00f3n necesaria para el seguro de desempleo.<\/p>\n<p style=\"text-align: justify;\">El proyecto que desde sus inicios gener\u00f3 amplio debate y rechazo de las Centrales Sindicales, finalmente entr\u00f3 en vigencia este lunes 28 de marzo de 2016.(I)<\/p>\n","protected":false},"excerpt":{"rendered":"<p>La Ley Org\u00e1nica para la Promoci\u00f3n del Trabajo Juvenil, Regularizaci\u00f3n Excepcional de la Jornada de Trabajo, Cesant\u00eda y Seguro del<\/p>\n","protected":false},"author":1,"featured_media":12065,"comment_status":"open","ping_status":"open","sticky":false,"template":"","format":"standard","meta":{"footnotes":""},"categories":[3],"tags":[],"_links":{"self":[{"href":"https:\/\/www.ecuadoraldia.com.ec\/index.php?rest_route=\/wp\/v2\/posts\/12064"}],"collection":[{"href":"https:\/\/www.ecuadoraldia.com.ec\/index.php?rest_route=\/wp\/v2\/posts"}],"about":[{"href":"https:\/\/www.ecuadoraldia.com.ec\/index.php?rest_route=\/wp\/v2\/types\/post"}],"author":[{"embeddable":true,"href":"https:\/\/www.ecuadoraldia.com.ec\/index.php?rest_route=\/wp\/v2\/users\/1"}],"replies":[{"embeddable":true,"href":"https:\/\/www.ecuadoraldia.com.ec\/index.php?rest_route=%2Fwp%2Fv2%2Fcomments&post=12064"}],"version-history":[{"count":1,"href":"https:\/\/www.ecuadoraldia.com.ec\/index.php?rest_route=\/wp\/v2\/posts\/12064\/revisions"}],"predecessor-version":[{"id":12066,"href":"https:\/\/www.ecuadoraldia.com.ec\/index.php?rest_route=\/wp\/v2\/posts\/12064\/revisions\/12066"}],"wp:featuredmedia":[{"embeddable":true,"href":"https:\/\/www.ecuadoraldia.com.ec\/index.php?rest_route=\/wp\/v2\/media\/12065"}],"wp:attachment":[{"href":"https:\/\/www.ecuadoraldia.com.ec\/index.php?rest_route=%2Fwp%2Fv2%2Fmedia&parent=12064"}],"wp:term":[{"taxonomy":"category","embeddable":true,"href":"https:\/\/www.ecuadoraldia.com.ec\/index.php?rest_route=%2Fwp%2Fv2%2Fcategories&post=12064"},{"taxonomy":"post_tag","embeddable":true,"href":"https:\/\/www.ecuadoraldia.com.ec\/index.php?rest_route=%2Fwp%2Fv2%2Ftags&post=12064"}],"curies":[{"name":"wp","href":"https:\/\/api.w.org\/{rel}","templated":true}]}}