{"id":12067,"date":"2016-03-28T21:20:39","date_gmt":"2016-03-28T21:20:39","guid":{"rendered":"http:\/\/www.ecuadoraldia.com.ec\/?p=12067"},"modified":"2016-03-28T21:24:09","modified_gmt":"2016-03-28T21:24:09","slug":"asociacion-el-porvenir-exige-a-ministro-de-agricultura-alrededor-de-148-hectareas","status":"publish","type":"post","link":"https:\/\/www.ecuadoraldia.com.ec\/?p=12067","title":{"rendered":"Asociaci\u00f3n El Porvenir demanda del ministro de Agricultura la  entrega de terrenos"},"content":{"rendered":"<p style=\"text-align: justify;\"><a href=\"http:\/\/www.ecuadoraldia.com.ec\/wp-content\/uploads\/2016\/03\/campesinos.jpg\" rel=\"attachment wp-att-12068\"><img loading=\"lazy\" decoding=\"async\" class=\"alignleft size-medium wp-image-12068\" src=\"http:\/\/www.ecuadoraldia.com.ec\/wp-content\/uploads\/2016\/03\/campesinos-300x141.jpg\" alt=\"campesinos\" width=\"300\" height=\"141\" srcset=\"https:\/\/www.ecuadoraldia.com.ec\/wp-content\/uploads\/2016\/03\/campesinos-300x141.jpg 300w, https:\/\/www.ecuadoraldia.com.ec\/wp-content\/uploads\/2016\/03\/campesinos.jpg 458w\" sizes=\"(max-width: 300px) 100vw, 300px\" \/><\/a>Representantes de la Asociaci\u00f3n de emprendedores El Porvenir, provenientes en su mayor\u00eda del barrio La Victoria Central (sur de Quito), se encuentran reunidos con el ministro de Agricultura, Javier Ponce.<\/p>\n<p style=\"text-align: justify;\">El encuentro se realiza para solicitar la entrega legal de alrededor de 148 hect\u00e1reas, ubicadas en Santa Catalina (altura de Guaman\u00ed), para que puedan continuar con su producci\u00f3n agr\u00edcola. \u201cEl presidente (Rafael Correa) lo dispuso en una sabatina hace 2 a\u00f1os. El que no ha cumplido con esa entrega es el ministro.<\/p>\n<p style=\"text-align: justify;\">No queremos que nos regalen las tierras, queremos pagar\u201d, manifest\u00f3 Elsie Aguilar, parte de los 603 socios. Ella indic\u00f3 que en 2013 ya se les indic\u00f3 el valor a pagar y est\u00e1n dispuestos a hacerlo. Aguilar explic\u00f3 que cada familia tiene un huerto en donde siembran sus productos para consumo propio y distribuci\u00f3n en los mercados como El Mayorista. \u201cNuestra consigna es que debe producirse la tierra.<\/p>\n<p style=\"text-align: justify;\">Si nosotros exigimos que nos entreguen los terrenos de acuerdo a los decretos, debemos trabajar la tierra\u201d. Asimismo el presidente de la asociaci\u00f3n, \u00d3scar Bermeo, insisti\u00f3 en que su trabajo se ve afectado porque carecen de las escrituras de los terrenos y no pueden acceder a cr\u00e9ditos productivos.<\/p>\n<p style=\"text-align: justify;\">El titular de la Coordinadora Nacional Campesina Eloy Alfaro (CNC EA), Romelio Gual\u00e1n, tambi\u00e9n asisti\u00f3. Asegur\u00f3 que su presencia es en solidaridad de sus compa\u00f1eros. Los dirigentes esta asociaci\u00f3n indicaron que alrededor de las 11:00 ofrecer\u00e1n una rueda de prensa para anunciar los resultados tras el encuentro con el Secretario de Agricultura. (I)<\/p>\n<p style=\"text-align: justify;\">Diario EL TEL\u00c9GRAFO<\/p>\n","protected":false},"excerpt":{"rendered":"<p>Representantes de la Asociaci\u00f3n de emprendedores El Porvenir, provenientes en su mayor\u00eda del barrio La Victoria Central (sur de Quito),<\/p>\n","protected":false},"author":1,"featured_media":12068,"comment_status":"open","ping_status":"open","sticky":false,"template":"","format":"standard","meta":{"footnotes":""},"categories":[4],"tags":[],"_links":{"self":[{"href":"https:\/\/www.ecuadoraldia.com.ec\/index.php?rest_route=\/wp\/v2\/posts\/12067"}],"collection":[{"href":"https:\/\/www.ecuadoraldia.com.ec\/index.php?rest_route=\/wp\/v2\/posts"}],"about":[{"href":"https:\/\/www.ecuadoraldia.com.ec\/index.php?rest_route=\/wp\/v2\/types\/post"}],"author":[{"embeddable":true,"href":"https:\/\/www.ecuadoraldia.com.ec\/index.php?rest_route=\/wp\/v2\/users\/1"}],"replies":[{"embeddable":true,"href":"https:\/\/www.ecuadoraldia.com.ec\/index.php?rest_route=%2Fwp%2Fv2%2Fcomments&post=12067"}],"version-history":[{"count":3,"href":"https:\/\/www.ecuadoraldia.com.ec\/index.php?rest_route=\/wp\/v2\/posts\/12067\/revisions"}],"predecessor-version":[{"id":12071,"href":"https:\/\/www.ecuadoraldia.com.ec\/index.php?rest_route=\/wp\/v2\/posts\/12067\/revisions\/12071"}],"wp:featuredmedia":[{"embeddable":true,"href":"https:\/\/www.ecuadoraldia.com.ec\/index.php?rest_route=\/wp\/v2\/media\/12068"}],"wp:attachment":[{"href":"https:\/\/www.ecuadoraldia.com.ec\/index.php?rest_route=%2Fwp%2Fv2%2Fmedia&parent=12067"}],"wp:term":[{"taxonomy":"category","embeddable":true,"href":"https:\/\/www.ecuadoraldia.com.ec\/index.php?rest_route=%2Fwp%2Fv2%2Fcategories&post=12067"},{"taxonomy":"post_tag","embeddable":true,"href":"https:\/\/www.ecuadoraldia.com.ec\/index.php?rest_route=%2Fwp%2Fv2%2Ftags&post=12067"}],"curies":[{"name":"wp","href":"https:\/\/api.w.org\/{rel}","templated":true}]}}