{"id":12072,"date":"2016-03-28T21:25:57","date_gmt":"2016-03-28T21:25:57","guid":{"rendered":"http:\/\/www.ecuadoraldia.com.ec\/?p=12072"},"modified":"2016-03-28T21:26:28","modified_gmt":"2016-03-28T21:26:28","slug":"el-presidente-homenajeo-a-sus-ultimos-edecanes-militares","status":"publish","type":"post","link":"https:\/\/www.ecuadoraldia.com.ec\/?p=12072","title":{"rendered":"Presidente homenaje\u00f3 a sus \u00faltimos edecanes militares"},"content":{"rendered":"<p style=\"text-align: justify;\"><a href=\"http:\/\/www.ecuadoraldia.com.ec\/wp-content\/uploads\/2016\/03\/edecanes.jpg\" rel=\"attachment wp-att-12073\"><img loading=\"lazy\" decoding=\"async\" class=\"alignleft size-medium wp-image-12073\" src=\"http:\/\/www.ecuadoraldia.com.ec\/wp-content\/uploads\/2016\/03\/edecanes-300x141.jpg\" alt=\"edecanes\" width=\"300\" height=\"141\" srcset=\"https:\/\/www.ecuadoraldia.com.ec\/wp-content\/uploads\/2016\/03\/edecanes-300x141.jpg 300w, https:\/\/www.ecuadoraldia.com.ec\/wp-content\/uploads\/2016\/03\/edecanes.jpg 410w\" sizes=\"(max-width: 300px) 100vw, 300px\" \/><\/a>El presidente de la Rep\u00fablica, Rafael Correa, particip\u00f3 en la ceremonia de reconocimiento a sus edecanes salientes, quienes cumplieron 2 a\u00f1os de servicio y deben reintegranse a sus funciones en las Fuerzas Armadas.<\/p>\n<p style=\"text-align: justify;\">En este acto, desarrollado en el Palacio de Carondelet, fueron homenajeados: el Teniente Coronel del Estado Mayor, Ricardo Antonio Cajas; el Teniente Coronel de Estado Mayor, Nilo Mauricio Estrada, y el Capit\u00e1n de Fragata de Estado Mayor, Jimmy Fidel Molina.<\/p>\n<p style=\"text-align: justify;\">La reforma a la Ley de Personal de las Fuerzas Armadas prohibie la existencia de edecanes para las autoridades civiles del Estado, a excepci\u00f3n del Presidente, que podr\u00e1 decidir si tenerlos o no. Y, seg\u00fan explic\u00f3 el Mandatario, no tendr\u00e1 m\u00e1s edecanes. \u201cQuedan sus nombres grabados en la historia, queridos amigos, edecanes salientes, porque ustedes ser\u00e1n los \u00faltimos edecanes que yo tenga, acogi\u00e9ndome a esta reforma\u201d, manifest\u00f3 el Jefe de Estado.<\/p>\n<p style=\"text-align: justify;\">El Jefe de Estado entreg\u00f3 un presente institucional a cada uno de los edecanes y en su discurso manifest\u00f3 su agradecimiento a las labores prestadas por los delegados de las fuerzas terrestre, a\u00e9rea y marina. (I)<\/p>\n<p>EL TEL\u00c9GRAFO<\/p>\n","protected":false},"excerpt":{"rendered":"<p>El presidente de la Rep\u00fablica, Rafael Correa, particip\u00f3 en la ceremonia de reconocimiento a sus edecanes salientes, quienes cumplieron 2<\/p>\n","protected":false},"author":1,"featured_media":12073,"comment_status":"open","ping_status":"open","sticky":false,"template":"","format":"standard","meta":{"footnotes":""},"categories":[3],"tags":[],"_links":{"self":[{"href":"https:\/\/www.ecuadoraldia.com.ec\/index.php?rest_route=\/wp\/v2\/posts\/12072"}],"collection":[{"href":"https:\/\/www.ecuadoraldia.com.ec\/index.php?rest_route=\/wp\/v2\/posts"}],"about":[{"href":"https:\/\/www.ecuadoraldia.com.ec\/index.php?rest_route=\/wp\/v2\/types\/post"}],"author":[{"embeddable":true,"href":"https:\/\/www.ecuadoraldia.com.ec\/index.php?rest_route=\/wp\/v2\/users\/1"}],"replies":[{"embeddable":true,"href":"https:\/\/www.ecuadoraldia.com.ec\/index.php?rest_route=%2Fwp%2Fv2%2Fcomments&post=12072"}],"version-history":[{"count":2,"href":"https:\/\/www.ecuadoraldia.com.ec\/index.php?rest_route=\/wp\/v2\/posts\/12072\/revisions"}],"predecessor-version":[{"id":12075,"href":"https:\/\/www.ecuadoraldia.com.ec\/index.php?rest_route=\/wp\/v2\/posts\/12072\/revisions\/12075"}],"wp:featuredmedia":[{"embeddable":true,"href":"https:\/\/www.ecuadoraldia.com.ec\/index.php?rest_route=\/wp\/v2\/media\/12073"}],"wp:attachment":[{"href":"https:\/\/www.ecuadoraldia.com.ec\/index.php?rest_route=%2Fwp%2Fv2%2Fmedia&parent=12072"}],"wp:term":[{"taxonomy":"category","embeddable":true,"href":"https:\/\/www.ecuadoraldia.com.ec\/index.php?rest_route=%2Fwp%2Fv2%2Fcategories&post=12072"},{"taxonomy":"post_tag","embeddable":true,"href":"https:\/\/www.ecuadoraldia.com.ec\/index.php?rest_route=%2Fwp%2Fv2%2Ftags&post=12072"}],"curies":[{"name":"wp","href":"https:\/\/api.w.org\/{rel}","templated":true}]}}