{"id":12076,"date":"2016-03-28T21:30:46","date_gmt":"2016-03-28T21:30:46","guid":{"rendered":"http:\/\/www.ecuadoraldia.com.ec\/?p=12076"},"modified":"2016-03-28T21:30:46","modified_gmt":"2016-03-28T21:30:46","slug":"santos-exige-a-las-farc-que-fijen-la-fecha-en-la-que-dejaran-las-armas","status":"publish","type":"post","link":"https:\/\/www.ecuadoraldia.com.ec\/?p=12076","title":{"rendered":"Santos exige a las FARC que fijen la fecha en la que dejar\u00e1n las armas"},"content":{"rendered":"<p style=\"text-align: justify;\"><a href=\"http:\/\/www.ecuadoraldia.com.ec\/wp-content\/uploads\/2016\/03\/santos.jpg\" rel=\"attachment wp-att-12077\"><img loading=\"lazy\" decoding=\"async\" class=\"alignleft size-medium wp-image-12077\" src=\"http:\/\/www.ecuadoraldia.com.ec\/wp-content\/uploads\/2016\/03\/santos-300x169.jpg\" alt=\"santos\" width=\"300\" height=\"169\" srcset=\"https:\/\/www.ecuadoraldia.com.ec\/wp-content\/uploads\/2016\/03\/santos-300x169.jpg 300w, https:\/\/www.ecuadoraldia.com.ec\/wp-content\/uploads\/2016\/03\/santos-768x432.jpg 768w, https:\/\/www.ecuadoraldia.com.ec\/wp-content\/uploads\/2016\/03\/santos.jpg 770w\" sizes=\"(max-width: 300px) 100vw, 300px\" \/><\/a>El presidente de Colombia explic\u00f3 que se trata de un punto determinante para la firma de la paz entre ambas partes. El acuerdo, pactado originalmente para el 23 de marzo, a\u00fan no se concret\u00f3<\/p>\n<p style=\"text-align: justify;\">El mandatario hizo \u00e9nfasis en que \u00abel Gobierno exige que las FARC dejen las armas y den un paso hacia la legalidad para poder hacer pol\u00edtica y circular por el territorio nacional\u00bb. Agreg\u00f3 que su administraci\u00f3n \u00abexige una fecha fija, precisa y clara para que termine el proceso de desarme\u00bb por parte de los rebeldes. \u00abPor ning\u00fan motivo esa fecha puede quedar abierta\u00bb.<\/p>\n<p style=\"text-align: justify;\">El Gobierno y las FARC lamentaron, el 23 de marzo, el hecho de no haber podido cumplir con la fecha prevista para la firma del fin del conflicto entre las partes, como lo hab\u00edan pactado en septiembre de 2015 Santos y el m\u00e1ximo jefe de las FARC, alias \u00abTimole\u00f3n Jim\u00e9nez\u00bb o \u00abTimochenko\u00bb.<\/p>\n<p style=\"text-align: justify;\">El Ejecutivo dijo en ese momento que a\u00fan subsist\u00edan \u00abdiferencias importantes con las FARC sobre temas de fondo\u00bb para sellar la paz, en tanto que el grupo guerrillero coment\u00f3 que no fue posible la firma porque \u00ablas exigencias l\u00f3gicas de una prolongada y compleja guerra como la que ha padecido Colombia as\u00ed lo determinaron\u00bb.<\/p>\n<p style=\"text-align: justify;\">En las \u00faltimas semanas las FARC han reiterado su inter\u00e9s de lograr la paz, pero han manifestado que este es un proceso de negociaci\u00f3n y no de su rendici\u00f3n incondicional.<\/p>\n<p style=\"text-align: justify;\">Instalada a finales de 2012, la mesa de di\u00e1logo ha logrado acuerdos en cuatro temas de una agenda de seis disponibles: problemas del agro, combate al narcotr\u00e1fico, participaci\u00f3n pol\u00edtica de los rebeldes y resarcimiento a las v\u00edctimas del conflicto armado.<\/p>\n","protected":false},"excerpt":{"rendered":"<p>El presidente de Colombia explic\u00f3 que se trata de un punto determinante para la firma de la paz entre ambas<\/p>\n","protected":false},"author":1,"featured_media":12077,"comment_status":"open","ping_status":"open","sticky":false,"template":"","format":"standard","meta":{"footnotes":""},"categories":[1],"tags":[],"_links":{"self":[{"href":"https:\/\/www.ecuadoraldia.com.ec\/index.php?rest_route=\/wp\/v2\/posts\/12076"}],"collection":[{"href":"https:\/\/www.ecuadoraldia.com.ec\/index.php?rest_route=\/wp\/v2\/posts"}],"about":[{"href":"https:\/\/www.ecuadoraldia.com.ec\/index.php?rest_route=\/wp\/v2\/types\/post"}],"author":[{"embeddable":true,"href":"https:\/\/www.ecuadoraldia.com.ec\/index.php?rest_route=\/wp\/v2\/users\/1"}],"replies":[{"embeddable":true,"href":"https:\/\/www.ecuadoraldia.com.ec\/index.php?rest_route=%2Fwp%2Fv2%2Fcomments&post=12076"}],"version-history":[{"count":1,"href":"https:\/\/www.ecuadoraldia.com.ec\/index.php?rest_route=\/wp\/v2\/posts\/12076\/revisions"}],"predecessor-version":[{"id":12078,"href":"https:\/\/www.ecuadoraldia.com.ec\/index.php?rest_route=\/wp\/v2\/posts\/12076\/revisions\/12078"}],"wp:featuredmedia":[{"embeddable":true,"href":"https:\/\/www.ecuadoraldia.com.ec\/index.php?rest_route=\/wp\/v2\/media\/12077"}],"wp:attachment":[{"href":"https:\/\/www.ecuadoraldia.com.ec\/index.php?rest_route=%2Fwp%2Fv2%2Fmedia&parent=12076"}],"wp:term":[{"taxonomy":"category","embeddable":true,"href":"https:\/\/www.ecuadoraldia.com.ec\/index.php?rest_route=%2Fwp%2Fv2%2Fcategories&post=12076"},{"taxonomy":"post_tag","embeddable":true,"href":"https:\/\/www.ecuadoraldia.com.ec\/index.php?rest_route=%2Fwp%2Fv2%2Ftags&post=12076"}],"curies":[{"name":"wp","href":"https:\/\/api.w.org\/{rel}","templated":true}]}}