{"id":12079,"date":"2016-03-31T00:55:00","date_gmt":"2016-03-31T00:55:00","guid":{"rendered":"http:\/\/www.ecuadoraldia.com.ec\/?p=12079"},"modified":"2016-03-31T00:55:00","modified_gmt":"2016-03-31T00:55:00","slug":"pobladores-de-latacunga-y-salcedo-participaron-en-simulacro","status":"publish","type":"post","link":"https:\/\/www.ecuadoraldia.com.ec\/?p=12079","title":{"rendered":"Pobladores de Latacunga y Salcedo participaron en simulacro"},"content":{"rendered":"<p style=\"text-align: justify;\"><a href=\"http:\/\/www.ecuadoraldia.com.ec\/wp-content\/uploads\/2016\/03\/simulacro.jpg\" rel=\"attachment wp-att-12080\"><img loading=\"lazy\" decoding=\"async\" class=\"alignleft size-medium wp-image-12080\" src=\"http:\/\/www.ecuadoraldia.com.ec\/wp-content\/uploads\/2016\/03\/simulacro-300x156.jpg\" alt=\"simulacro\" width=\"300\" height=\"156\" srcset=\"https:\/\/www.ecuadoraldia.com.ec\/wp-content\/uploads\/2016\/03\/simulacro-300x156.jpg 300w, https:\/\/www.ecuadoraldia.com.ec\/wp-content\/uploads\/2016\/03\/simulacro.jpg 376w\" sizes=\"(max-width: 300px) 100vw, 300px\" \/><\/a>Desede el 29 en horas de la tarde los altavoces colocados en los alrededores del Terminal Terrestre de Latacunga, alertaban a los ciudadanos de que algo iba a suceder en las proximas horas.<\/p>\n<p style=\"text-align: justify;\">Y asi sucedi\u00f3. A las 11:05 y 11:45 del mi\u00e9rcoles 30 de marzo en Latacunga y Salcedo se escuch\u00f3 el mensaje de las sirenas del Sistema de Alerta Temprana (SAT) que alertaban de un simulacro y llamaban a los ciudadanos a evacuar hacia puntos de encuentro seguros.<\/p>\n<p style=\"text-align: justify;\">Se activaron 3 sirenas del sector urbano de Latacunga, las del Bosque, San Felipe, y de la Unidad Educativa Vicente Le\u00f3n, adem\u00e1s de la sirena ubicada en la Casa Yerovi (Salcedo). Tambi\u00e9n fueron activadas las 8 sirenas del GAD Municipal de la capital provincial y la sirena del GAD de Salcedo, que hace poco se integr\u00f3 al SAT.<\/p>\n<p style=\"text-align: justify;\">Las sirenas fueron activadas desde el ECU 911 Ambato, instituci\u00f3n que brindo su apoyo mediante la video vigilancia. De acuerdo a los datos proporcionados por los comit\u00e9s de operaciones de emergencia (COE) cantonales, que se activaron durante el ejercicio, existi\u00f3 poca participaci\u00f3n de las personas. Sin embargo, la respuesta de las instituciones educativas result\u00f3 favorable.<br \/>\nEn Latacunga evacuaron hasta los sitios seguros 29 mil estudiantes y unas 2 mil personas de barrios en zonas de riesgo. Se movilizaron 129 recursos, entre polic\u00edas, bomberos y otras instituciones de respuesta.<\/p>\n<p style=\"text-align: justify;\">En Salcedo, en cambio, el COE Cantonal report\u00f3 6200 estudiantes participantes y 480 personas de 8 barrios. No se activaron los albergues, pues el objetivo del ejercicio fue medir la capacidad de respuesta.<\/p>\n<p style=\"text-align: justify;\">Las autoridades tanto de la Secretaria de Gesti\u00f3n de Riesgos (SGR) y las cantonales hicieron un llamado a la poblaci\u00f3n para que no descuide el tema de preparaci\u00f3n participando de los simulacros que seguir\u00e1n realiz\u00e1ndose en este a\u00f1o. (I)<\/p>\n","protected":false},"excerpt":{"rendered":"<p>Desede el 29 en horas de la tarde los altavoces colocados en los alrededores del Terminal Terrestre de Latacunga, alertaban<\/p>\n","protected":false},"author":1,"featured_media":12080,"comment_status":"open","ping_status":"open","sticky":false,"template":"","format":"standard","meta":{"footnotes":""},"categories":[4],"tags":[],"_links":{"self":[{"href":"https:\/\/www.ecuadoraldia.com.ec\/index.php?rest_route=\/wp\/v2\/posts\/12079"}],"collection":[{"href":"https:\/\/www.ecuadoraldia.com.ec\/index.php?rest_route=\/wp\/v2\/posts"}],"about":[{"href":"https:\/\/www.ecuadoraldia.com.ec\/index.php?rest_route=\/wp\/v2\/types\/post"}],"author":[{"embeddable":true,"href":"https:\/\/www.ecuadoraldia.com.ec\/index.php?rest_route=\/wp\/v2\/users\/1"}],"replies":[{"embeddable":true,"href":"https:\/\/www.ecuadoraldia.com.ec\/index.php?rest_route=%2Fwp%2Fv2%2Fcomments&post=12079"}],"version-history":[{"count":1,"href":"https:\/\/www.ecuadoraldia.com.ec\/index.php?rest_route=\/wp\/v2\/posts\/12079\/revisions"}],"predecessor-version":[{"id":12081,"href":"https:\/\/www.ecuadoraldia.com.ec\/index.php?rest_route=\/wp\/v2\/posts\/12079\/revisions\/12081"}],"wp:featuredmedia":[{"embeddable":true,"href":"https:\/\/www.ecuadoraldia.com.ec\/index.php?rest_route=\/wp\/v2\/media\/12080"}],"wp:attachment":[{"href":"https:\/\/www.ecuadoraldia.com.ec\/index.php?rest_route=%2Fwp%2Fv2%2Fmedia&parent=12079"}],"wp:term":[{"taxonomy":"category","embeddable":true,"href":"https:\/\/www.ecuadoraldia.com.ec\/index.php?rest_route=%2Fwp%2Fv2%2Fcategories&post=12079"},{"taxonomy":"post_tag","embeddable":true,"href":"https:\/\/www.ecuadoraldia.com.ec\/index.php?rest_route=%2Fwp%2Fv2%2Ftags&post=12079"}],"curies":[{"name":"wp","href":"https:\/\/api.w.org\/{rel}","templated":true}]}}