{"id":12085,"date":"2016-03-31T01:07:14","date_gmt":"2016-03-31T01:07:14","guid":{"rendered":"http:\/\/www.ecuadoraldia.com.ec\/?p=12085"},"modified":"2016-03-31T01:07:14","modified_gmt":"2016-03-31T01:07:14","slug":"excomandante-de-fae-dice-que-no-fue-buena-la-compra-de-dhruv","status":"publish","type":"post","link":"https:\/\/www.ecuadoraldia.com.ec\/?p=12085","title":{"rendered":"Excomandante de FAE dice que no fue buena la compra de Dhruv"},"content":{"rendered":"<p style=\"text-align: justify;\"><a href=\"http:\/\/www.ecuadoraldia.com.ec\/wp-content\/uploads\/2016\/03\/dhruv-.jpg\" rel=\"attachment wp-att-12086\"><img loading=\"lazy\" decoding=\"async\" class=\"alignleft size-medium wp-image-12086\" src=\"http:\/\/www.ecuadoraldia.com.ec\/wp-content\/uploads\/2016\/03\/dhruv--300x188.jpg\" alt=\"-dhruv-\" width=\"300\" height=\"188\" srcset=\"https:\/\/www.ecuadoraldia.com.ec\/wp-content\/uploads\/2016\/03\/dhruv--300x188.jpg 300w, https:\/\/www.ecuadoraldia.com.ec\/wp-content\/uploads\/2016\/03\/dhruv-.jpg 440w\" sizes=\"(max-width: 300px) 100vw, 300px\" \/><\/a>El excomandante de la Fuerza A\u00e9rea (FAE), Rodrigo Boh\u00f3rquez , acudi\u00f3 hoy 30 de marzo de 2016 a la Comisi\u00f3n de Relaciones Internacionales de la Asamblea Nacional. Neg\u00f3 su participaci\u00f3n en la compra de los 7 helic\u00f3pteros Dhruv y la adjudicaci\u00f3n del contrato para su adquisi\u00f3n a la empresa india HAL.<\/p>\n<p style=\"text-align: justify;\">Pero si dijo que cree que no fue una buena compra. \u00abMe parece que es un dolor de cabeza y veces pienso que no (fue una buena compra), pero si usted le consulta a los pilotos y a los tripulantes probablemente hablen diferente\u2026 Trae serias consecuencias decir p\u00fablicamente decir las cosas como son (\u2026), ya no quiero saber nada de helic\u00f3pteros, he estado pensando en qu\u00e9 fallamos, pero cada quien a su nivel hizo lo que correspond\u00eda\u201d, expres\u00f3.<\/p>\n<p style=\"text-align: justify;\">Relat\u00f3 que cuando asumi\u00f3 la comandancia de la FAE, en abril de 2008, tambi\u00e9n hubo un nuevo presidente del Comit\u00e9 de Contrataciones y mencion\u00f3 el nombre del excomandante de la Fuerza A\u00e9rea Leonardo Barreiro, quien, seg\u00fan la presidenta de la Mesa Legislativa, Mar\u00eda Augusta Calle, tambi\u00e9n ser\u00e1 convocado.<\/p>\n<p style=\"text-align: justify;\">Boh\u00f3rquez fundament\u00f3 su afirmaci\u00f3n en que la Contralor\u00eda tampoco ha encontrado responsabilidades en su gesti\u00f3n.<\/p>\n<p style=\"text-align: justify;\">Las ca\u00eddas de los helic\u00f3pteros<\/p>\n<p style=\"text-align: justify;\">\u201cNo voy a justificar si los helic\u00f3pteros son buenos o no. La compra, aparentemente, se dio bien\u2026 pero ahora, ustedes investiguen las causas por las que se cayeron\u2026 investiguen, yo no me voy a referir a eso\u2026\u201d, dijo el oficial retirado a un grupo de periodistas.<\/p>\n<p style=\"text-align: justify;\">En la Asamblea, tambi\u00e9n destac\u00f3 la buena relaci\u00f3n que mantuvo con el excomandante de la FAE Jorge Gabela, asesinado en diciembre de 2010 cerca de su casa, luego de denunciar presuntas irregularidades en la compra de estas aeronaves.<\/p>\n<p style=\"text-align: justify;\">Seg\u00fan el asamble\u00edsta Diego Salgado (CREO), un gran porcentaje de las afirmaciones de Boh\u00f3rquez est\u00e1 apegado a la Ley porque no se pueden cambiar los aspectos t\u00e9cnicos y las caracter\u00edsticas para firmar el contrato, \u201cpor lo tanto, tengo que estar de acuerdo con el general\u201d, expres\u00f3, pero cuestion\u00f3 las licencias de las aeronaves.<\/p>\n<p>El comandante de la FAE, C\u00e9sar Merizalde Pav\u00f3n se excus\u00f3 de asistir a la Mesa Legislativa. La presidenta de la Comisi\u00f3n anunci\u00f3 que pedir\u00e1 la comparecencia del Contralor, Carlos P\u00f3lit, y del Fiscal, Galo Chiriboga. (SC)<\/p>\n","protected":false},"excerpt":{"rendered":"<p>El excomandante de la Fuerza A\u00e9rea (FAE), Rodrigo Boh\u00f3rquez , acudi\u00f3 hoy 30 de marzo de 2016 a la Comisi\u00f3n<\/p>\n","protected":false},"author":1,"featured_media":12086,"comment_status":"open","ping_status":"open","sticky":false,"template":"","format":"standard","meta":{"footnotes":""},"categories":[3],"tags":[],"_links":{"self":[{"href":"https:\/\/www.ecuadoraldia.com.ec\/index.php?rest_route=\/wp\/v2\/posts\/12085"}],"collection":[{"href":"https:\/\/www.ecuadoraldia.com.ec\/index.php?rest_route=\/wp\/v2\/posts"}],"about":[{"href":"https:\/\/www.ecuadoraldia.com.ec\/index.php?rest_route=\/wp\/v2\/types\/post"}],"author":[{"embeddable":true,"href":"https:\/\/www.ecuadoraldia.com.ec\/index.php?rest_route=\/wp\/v2\/users\/1"}],"replies":[{"embeddable":true,"href":"https:\/\/www.ecuadoraldia.com.ec\/index.php?rest_route=%2Fwp%2Fv2%2Fcomments&post=12085"}],"version-history":[{"count":1,"href":"https:\/\/www.ecuadoraldia.com.ec\/index.php?rest_route=\/wp\/v2\/posts\/12085\/revisions"}],"predecessor-version":[{"id":12087,"href":"https:\/\/www.ecuadoraldia.com.ec\/index.php?rest_route=\/wp\/v2\/posts\/12085\/revisions\/12087"}],"wp:featuredmedia":[{"embeddable":true,"href":"https:\/\/www.ecuadoraldia.com.ec\/index.php?rest_route=\/wp\/v2\/media\/12086"}],"wp:attachment":[{"href":"https:\/\/www.ecuadoraldia.com.ec\/index.php?rest_route=%2Fwp%2Fv2%2Fmedia&parent=12085"}],"wp:term":[{"taxonomy":"category","embeddable":true,"href":"https:\/\/www.ecuadoraldia.com.ec\/index.php?rest_route=%2Fwp%2Fv2%2Fcategories&post=12085"},{"taxonomy":"post_tag","embeddable":true,"href":"https:\/\/www.ecuadoraldia.com.ec\/index.php?rest_route=%2Fwp%2Fv2%2Ftags&post=12085"}],"curies":[{"name":"wp","href":"https:\/\/api.w.org\/{rel}","templated":true}]}}