{"id":12117,"date":"2016-04-08T14:25:02","date_gmt":"2016-04-08T14:25:02","guid":{"rendered":"http:\/\/www.ecuadoraldia.com.ec\/?p=12117"},"modified":"2016-04-08T14:25:02","modified_gmt":"2016-04-08T14:25:02","slug":"el-volcan-chimborazo-el-mas-alto-del-planeta","status":"publish","type":"post","link":"https:\/\/www.ecuadoraldia.com.ec\/?p=12117","title":{"rendered":"El volc\u00e1n Chimborazo el m\u00e1s alto del Planeta"},"content":{"rendered":"<p>&nbsp;<\/p>\n<p style=\"text-align: justify;\"><a href=\"http:\/\/www.ecuadoraldia.com.ec\/wp-content\/uploads\/2016\/04\/Chimborazo-ec.jpg\" rel=\"attachment wp-att-12118\"><img loading=\"lazy\" decoding=\"async\" class=\"alignleft size-medium wp-image-12118\" src=\"http:\/\/www.ecuadoraldia.com.ec\/wp-content\/uploads\/2016\/04\/Chimborazo-ec-300x105.jpg\" alt=\"Chimborazo ec\" width=\"300\" height=\"105\" srcset=\"https:\/\/www.ecuadoraldia.com.ec\/wp-content\/uploads\/2016\/04\/Chimborazo-ec-300x105.jpg 300w, https:\/\/www.ecuadoraldia.com.ec\/wp-content\/uploads\/2016\/04\/Chimborazo-ec.jpg 768w\" sizes=\"(max-width: 300px) 100vw, 300px\" \/><\/a>As\u00ed lo confirm\u00f3 la \u00faltima medici\u00f3n, con equipos altamente sofisticados, que la tercera expedici\u00f3n geod\u00e9sica realiz\u00f3 a la elevaci\u00f3n de Ecuador en febrero pasado.<\/p>\n<p style=\"text-align: justify;\">Los resultados de la medici\u00f3n con precisi\u00f3n centim\u00e9trica del volc\u00e1n Chimborazo, realizada en el marco de la Tercera Misi\u00f3n Geod\u00e9sica francesa en Ecuador, se conocieron esta semana en el Instituto Geogr\u00e1fico Militar.<\/p>\n<p style=\"text-align: justify;\">Para celebrar el 280 aniversario de la llegada a Ecuador de la Primera Misi\u00f3n, varios cient\u00edficos franceses y ecuatorianos: del Instituto de Investigaci\u00f3n para el Desarrollo, el Instituto Geof\u00edsico de Ecuador, y el Instituto Geogr\u00e1fico Militar de Ecuador midieron con precisi\u00f3n centim\u00e9trica el Chimborazo, el 5 de febrero de 2016.<\/p>\n<p style=\"text-align: justify;\">El diario espa\u00f1ol El Pa\u00eds destaca que para esta operaci\u00f3n en Ecuador se acudi\u00f3 a una t\u00e9cnica de \u00faltima generaci\u00f3n que fue utilizada para determinar la altitud del Mont Blanc, en Francia.<\/p>\n<p style=\"text-align: justify;\">En una infograf\u00eda permiten observar las diferencias:<\/p>\n<p style=\"text-align: justify;\">Los resultados que arroj\u00f3 la medici\u00f3n concluyeron que la cumbre del volc\u00e1n Chimborazo est\u00e1 a 6.384.415,98 metros del centro de la Tierra. Esto confirma al nevado al que Sim\u00f3n Bol\u00edvar le dedic\u00f3 un poema titulado \u00abMi delirio sobre el Chimborazo\u00bb, como el punto m\u00e1s distante del centro de la Tierra.<\/p>\n<p style=\"text-align: justify;\">En la clasificaci\u00f3n, el nevado Huascar\u00e1n, en Per\u00fa, result\u00f3 el segundo punto m\u00e1s alejado, ya que est\u00e1 cuarenta metros por debajo del nevado ecuatoriano.<\/p>\n<p style=\"text-align: justify;\">Everest mantiene otro r\u00e9cord<\/p>\n<p style=\"text-align: justify;\"><a href=\"http:\/\/www.ecuadoraldia.com.ec\/wp-content\/uploads\/2016\/04\/grafep1.jpg\" rel=\"attachment wp-att-12119\"><img loading=\"lazy\" decoding=\"async\" class=\"alignleft size-medium wp-image-12119\" src=\"http:\/\/www.ecuadoraldia.com.ec\/wp-content\/uploads\/2016\/04\/grafep1-300x255.jpg\" alt=\"grafep1\" width=\"300\" height=\"255\" srcset=\"https:\/\/www.ecuadoraldia.com.ec\/wp-content\/uploads\/2016\/04\/grafep1-300x255.jpg 300w, https:\/\/www.ecuadoraldia.com.ec\/wp-content\/uploads\/2016\/04\/grafep1.jpg 600w\" sizes=\"(max-width: 300px) 100vw, 300px\" \/><\/a>La utilizaci\u00f3n de GPS, que tiene un margen de error de m\u00e1s o menos 10 cent\u00edmetros, hizo ganar en 2001 tres metros a la monta\u00f1a m\u00e1s alta de Europa, el Mont Blanc, que pas\u00f3 de medir 4.807 a 4.810,4 metros seg\u00fan este sistema. El Everest, en Nepal, tambi\u00e9n ha sido medido con el sistema GPS. Oficialmente cuenta 8.848 metros, aunque seg\u00fan este otro proceso es un poco m\u00e1s bajo, 8.846,4 metros. Sin embargo, el Everest, que siempre se ha catalogado como la monta\u00f1a m\u00e1s alta del planeta, est\u00e1 dos kil\u00f3metros por detr\u00e1s del Chimborazo en cuanto a la distancia del centro terrestre (6.382). La Tierra tiene mayor radio en el ecuador que en los polos, lo que juega a favor del Chimborazo en su disputa honor\u00edfica con el Everest.<\/p>\n<p style=\"text-align: justify;\">Con esta nueva medici\u00f3n, el Everest pierde un t\u00edtulo pero mantiene otro. Porque esta cumbre sigue siendo el monte m\u00e1s alto sobre el nivel del mar. En este sentido se sit\u00faa a 8.848 km. de distancia y el Chimborazo est\u00e1 s\u00f3lo a 6.268 km. (I)<\/p>\n","protected":false},"excerpt":{"rendered":"<p>&nbsp; As\u00ed lo confirm\u00f3 la \u00faltima medici\u00f3n, con equipos altamente sofisticados, que la tercera expedici\u00f3n geod\u00e9sica realiz\u00f3 a la elevaci\u00f3n<\/p>\n","protected":false},"author":1,"featured_media":12118,"comment_status":"open","ping_status":"open","sticky":false,"template":"","format":"standard","meta":{"footnotes":""},"categories":[11],"tags":[],"_links":{"self":[{"href":"https:\/\/www.ecuadoraldia.com.ec\/index.php?rest_route=\/wp\/v2\/posts\/12117"}],"collection":[{"href":"https:\/\/www.ecuadoraldia.com.ec\/index.php?rest_route=\/wp\/v2\/posts"}],"about":[{"href":"https:\/\/www.ecuadoraldia.com.ec\/index.php?rest_route=\/wp\/v2\/types\/post"}],"author":[{"embeddable":true,"href":"https:\/\/www.ecuadoraldia.com.ec\/index.php?rest_route=\/wp\/v2\/users\/1"}],"replies":[{"embeddable":true,"href":"https:\/\/www.ecuadoraldia.com.ec\/index.php?rest_route=%2Fwp%2Fv2%2Fcomments&post=12117"}],"version-history":[{"count":1,"href":"https:\/\/www.ecuadoraldia.com.ec\/index.php?rest_route=\/wp\/v2\/posts\/12117\/revisions"}],"predecessor-version":[{"id":12120,"href":"https:\/\/www.ecuadoraldia.com.ec\/index.php?rest_route=\/wp\/v2\/posts\/12117\/revisions\/12120"}],"wp:featuredmedia":[{"embeddable":true,"href":"https:\/\/www.ecuadoraldia.com.ec\/index.php?rest_route=\/wp\/v2\/media\/12118"}],"wp:attachment":[{"href":"https:\/\/www.ecuadoraldia.com.ec\/index.php?rest_route=%2Fwp%2Fv2%2Fmedia&parent=12117"}],"wp:term":[{"taxonomy":"category","embeddable":true,"href":"https:\/\/www.ecuadoraldia.com.ec\/index.php?rest_route=%2Fwp%2Fv2%2Fcategories&post=12117"},{"taxonomy":"post_tag","embeddable":true,"href":"https:\/\/www.ecuadoraldia.com.ec\/index.php?rest_route=%2Fwp%2Fv2%2Ftags&post=12117"}],"curies":[{"name":"wp","href":"https:\/\/api.w.org\/{rel}","templated":true}]}}