{"id":12121,"date":"2016-04-09T18:55:32","date_gmt":"2016-04-09T18:55:32","guid":{"rendered":"http:\/\/www.ecuadoraldia.com.ec\/?p=12121"},"modified":"2016-04-09T19:01:17","modified_gmt":"2016-04-09T19:01:17","slug":"sudamerica-llama-a-estabilizar-mercado-petrolero-mundial","status":"publish","type":"post","link":"https:\/\/www.ecuadoraldia.com.ec\/?p=12121","title":{"rendered":"Sudam\u00e9rica llama a estabilizar mercado petrolero mundial"},"content":{"rendered":"<figure id=\"attachment_12122\" aria-describedby=\"caption-attachment-12122\" style=\"width: 300px\" class=\"wp-caption alignleft\"><a href=\"http:\/\/www.ecuadoraldia.com.ec\/wp-content\/uploads\/2016\/04\/reunion-petro.jpg\" rel=\"attachment wp-att-12122\"><img loading=\"lazy\" decoding=\"async\" class=\"size-medium wp-image-12122\" src=\"http:\/\/www.ecuadoraldia.com.ec\/wp-content\/uploads\/2016\/04\/reunion-petro-300x111.jpg\" alt=\"Doha acoger\u00e1 reuni\u00f3n de pa\u00edses productores de petr\u00f3leo OPEP y no OPEP \" width=\"300\" height=\"111\" srcset=\"https:\/\/www.ecuadoraldia.com.ec\/wp-content\/uploads\/2016\/04\/reunion-petro-300x111.jpg 300w, https:\/\/www.ecuadoraldia.com.ec\/wp-content\/uploads\/2016\/04\/reunion-petro-768x284.jpg 768w, https:\/\/www.ecuadoraldia.com.ec\/wp-content\/uploads\/2016\/04\/reunion-petro-1024x378.jpg 1024w, https:\/\/www.ecuadoraldia.com.ec\/wp-content\/uploads\/2016\/04\/reunion-petro.jpg 1093w\" sizes=\"(max-width: 300px) 100vw, 300px\" \/><\/a><figcaption id=\"caption-attachment-12122\" class=\"wp-caption-text\">Doha acoger\u00e1 reuni\u00f3n de pa\u00edses productores de petr\u00f3leo OPEP y no OPEP<\/figcaption><\/figure>\n<p style=\"text-align: justify;\">Delegaciones de cautro pa\u00edses exportadores de petr\u00f3leo de Latinoam\u00e9rica llamaron este viernes a sus pares de la OPEP (Organizaci\u00f3n de Pa\u00edses Exportadores de Petr\u00f3leo) y otros grandes productores fuera del grupo a tomar acciones para estabilizar el mercado mundial del crudo.<\/p>\n<p style=\"text-align: justify;\">Autoridades de Venezuela, M\u00e9xico, Ecuador y Colombia se reunieron en Quito por unas tres horas, buscando una postura uniforme para llevar a un encuentro entre pa\u00edses productores dentro y fuera de la OPEP, que se llevar\u00e1 a cabo el 17 de abril en Doha, Catar.<\/p>\n<p style=\"text-align: justify;\">\u00abLas delegaciones presentes (&#8230;) hacen un llamado a los pa\u00edses productores de petr\u00f3leo OPEP y no OPEP a tomar las acciones necesarias a fin de estabilizar el mercado petrolero mundial para mejorar los precios\u00bb, se lee en una declaraci\u00f3n de cuatro p\u00e1rrafos. Sin embargo, no pudieron lograr un consenso sobre un posible congelamiento de la producci\u00f3n, por lo que se omiti\u00f3 la palabra, u otras opciones para fortalecer los precios internacionales del crudo.<\/p>\n<p style=\"text-align: justify;\">El ministro de Hidrocarburos de Ecuador, Carlos Pareja, dijo: \u00abEn esto hay que ser muy prudente &#8230; lo que no puede hacer el mundo petrolero, es hacer nada, eso ser\u00eda lo peor, porque si dejamos que en el tiempo se encuentren la oferta y la demanda, eso va a ocurrir seguramente &#8230; pero la factura ser\u00e1 muy alta para todos\u00bb.<\/p>\n<p style=\"text-align: justify;\">El ministro venezolano Eulogio del Pino, se\u00f1al\u00f3 que \u00abes importante esta reuni\u00f3n porque es la primera vez que nos podemos reunir &#8230; a hablar de petr\u00f3leo\u00bb.<\/p>\n<p style=\"text-align: justify;\">A la cita acudieron el vicepresidente de la Rep\u00fablica Jorge Glass; el canciller Guillaume Long, el ministro Pareja; la ministra de Minas y Energ\u00eda de Colombia, Mar\u00eda Lorena Guti\u00e9rrez; el ministro venezolano del Pino; el viceministro de Hidrocarburos de Bolivia, Jorge Wily R\u00edos, el secretario general de la Organizaci\u00f3n Latinoamericana de Energ\u00eda, Fernando Ferreira, y el embajador de M\u00e9xico, Jaime Arena del Fenochio, en representaci\u00f3n de su pa\u00eds, que dijo llega en calidad de observador.<\/p>\n<p style=\"text-align: justify;\">La ca\u00edda de los precios del petr\u00f3leo, de casi un 60 por ciento desde mediados del 2014, ha golpeado fuertemente a la econom\u00eda de la regi\u00f3n, en especial a Venezuela y Ecuador, cuyos Gobiernos han tenido que reducir inversiones y recurrir a un mayor endeudamiento p\u00fablico.<\/p>\n<p style=\"text-align: justify;\">La presencia de Colombia y M\u00e9xico en la reuni\u00f3n de Ecuador despert\u00f3 inter\u00e9s, pues asomaba la posibilidad de que por primera vez estos pa\u00edses productores de petr\u00f3leo que no pertenecen a la OPEP tambi\u00e9n pudieran estar involucrados en un esfuerzo por impulsar los precios del crudo.<\/p>\n<p style=\"text-align: justify;\">Sin embargo, el gobierno de M\u00e9xico dijo el viernes que asisti\u00f3 a la reuni\u00f3n en Quito como \u00abobservador\u00bb, aunque valora los esfuerzos para estabilizar el mercado petrolero internacional.<\/p>\n<p style=\"text-align: justify;\">Ecuador es el miembro m\u00e1s peque\u00f1o de la OPEP, con una producci\u00f3n diaria de alrededor de 500.000 barriles de crudo, de los cuales exporta unos 360.000 diarios. (I)<\/p>\n","protected":false},"excerpt":{"rendered":"<p>Delegaciones de cautro pa\u00edses exportadores de petr\u00f3leo de Latinoam\u00e9rica llamaron este viernes a sus pares de la OPEP (Organizaci\u00f3n de<\/p>\n","protected":false},"author":1,"featured_media":12122,"comment_status":"open","ping_status":"open","sticky":false,"template":"","format":"standard","meta":{"footnotes":""},"categories":[9],"tags":[],"_links":{"self":[{"href":"https:\/\/www.ecuadoraldia.com.ec\/index.php?rest_route=\/wp\/v2\/posts\/12121"}],"collection":[{"href":"https:\/\/www.ecuadoraldia.com.ec\/index.php?rest_route=\/wp\/v2\/posts"}],"about":[{"href":"https:\/\/www.ecuadoraldia.com.ec\/index.php?rest_route=\/wp\/v2\/types\/post"}],"author":[{"embeddable":true,"href":"https:\/\/www.ecuadoraldia.com.ec\/index.php?rest_route=\/wp\/v2\/users\/1"}],"replies":[{"embeddable":true,"href":"https:\/\/www.ecuadoraldia.com.ec\/index.php?rest_route=%2Fwp%2Fv2%2Fcomments&post=12121"}],"version-history":[{"count":2,"href":"https:\/\/www.ecuadoraldia.com.ec\/index.php?rest_route=\/wp\/v2\/posts\/12121\/revisions"}],"predecessor-version":[{"id":12127,"href":"https:\/\/www.ecuadoraldia.com.ec\/index.php?rest_route=\/wp\/v2\/posts\/12121\/revisions\/12127"}],"wp:featuredmedia":[{"embeddable":true,"href":"https:\/\/www.ecuadoraldia.com.ec\/index.php?rest_route=\/wp\/v2\/media\/12122"}],"wp:attachment":[{"href":"https:\/\/www.ecuadoraldia.com.ec\/index.php?rest_route=%2Fwp%2Fv2%2Fmedia&parent=12121"}],"wp:term":[{"taxonomy":"category","embeddable":true,"href":"https:\/\/www.ecuadoraldia.com.ec\/index.php?rest_route=%2Fwp%2Fv2%2Fcategories&post=12121"},{"taxonomy":"post_tag","embeddable":true,"href":"https:\/\/www.ecuadoraldia.com.ec\/index.php?rest_route=%2Fwp%2Fv2%2Ftags&post=12121"}],"curies":[{"name":"wp","href":"https:\/\/api.w.org\/{rel}","templated":true}]}}