{"id":12124,"date":"2016-04-09T19:00:34","date_gmt":"2016-04-09T19:00:34","guid":{"rendered":"http:\/\/www.ecuadoraldia.com.ec\/?p=12124"},"modified":"2016-04-09T19:00:34","modified_gmt":"2016-04-09T19:00:34","slug":"reformas-tributaria-a-primer-debate-el-lunes","status":"publish","type":"post","link":"https:\/\/www.ecuadoraldia.com.ec\/?p=12124","title":{"rendered":"Reformas tributaria a primer debate el lunes"},"content":{"rendered":"<figure id=\"attachment_12125\" aria-describedby=\"caption-attachment-12125\" style=\"width: 300px\" class=\"wp-caption alignleft\"><a href=\"http:\/\/www.ecuadoraldia.com.ec\/wp-content\/uploads\/2016\/04\/reformas-tri.jpg\" rel=\"attachment wp-att-12125\"><img loading=\"lazy\" decoding=\"async\" class=\"size-medium wp-image-12125\" src=\"http:\/\/www.ecuadoraldia.com.ec\/wp-content\/uploads\/2016\/04\/reformas-tri-300x177.jpg\" alt=\"Otros cambios fueron a la tabla del impuesto a los consumos especiales (ICE) \" width=\"300\" height=\"177\" srcset=\"https:\/\/www.ecuadoraldia.com.ec\/wp-content\/uploads\/2016\/04\/reformas-tri-300x177.jpg 300w, https:\/\/www.ecuadoraldia.com.ec\/wp-content\/uploads\/2016\/04\/reformas-tri.jpg 508w\" sizes=\"(max-width: 300px) 100vw, 300px\" \/><\/a><figcaption id=\"caption-attachment-12125\" class=\"wp-caption-text\">Otros cambios fueron a la tabla del impuesto a los consumos especiales (ICE)<\/figcaption><\/figure>\n<p style=\"text-align: justify;\">Alianza PAIS (AP) acept\u00f3 una de las propuestas para flexibilizar el techo de tres Salarios B\u00e1sicos Unificados (SBU) ($1.098 en efectivo) para la exoneraci\u00f3n del impuesto a la salida de divisas (ISD) y estableci\u00f3 que por cada menor que salga del pa\u00eds con un adulto suba uno; es decir, $ 366 m\u00e1s.<\/p>\n<p style=\"text-align: justify;\">Este es uno de los cambios que constan en el informe para primer debate del proyecto de Ley de Equilibrio para las Finanzas P\u00fablicas que aprobaron ayer ocho asamble\u00edstas oficialistas en la Comisi\u00f3n de R\u00e9gimen Econ\u00f3mico de la Asamblea frente a tres votos en contra de Ramiro Aguilar (antes de SUMA), Franco Romero (PSC-MG) y Grace Moreira (del extinto PRE).<\/p>\n<p style=\"text-align: justify;\">Sin embargo, Virgilio Hern\u00e1ndez (AP), presidente de la mesa, sostuvo que el argumento sobre los migrantes no tiene peso; y sobre los estudiantes, varios asamble\u00edstas coincidieron en que los pagos para educaci\u00f3n en el exterior se hacen v\u00eda transferencia bancaria.<\/p>\n<p style=\"text-align: justify;\">El cuestionamiento de la oposici\u00f3n en este punto fue la forma en que se calcularon los tres salarios b\u00e1sicos. Tras una explicaci\u00f3n del Servicio de Rentas Internas (SRI) con encuestas, Aguilar insisti\u00f3: \u201cNo tengo idea de d\u00f3nde sali\u00f3 esa cifra\u201d, y pidi\u00f3 que se deje el techo en $ 3.000. Ninguna de estas propuestas fue aceptada.<\/p>\n<p style=\"text-align: justify;\">Otros cambios fueron a la tabla del impuesto a los consumos especiales (ICE) , que el monto m\u00e1ximo de la base imponible por mes para tarjetas de cr\u00e9dito no pueda ser mayor a $ 5.000 para acceder a la devoluci\u00f3n del 1% del impuesto al valor agregado (IVA), que el Estado no pueda intervenir en el presupuesto del Instituto Ecuatoriano de Seguridad Social (IESS) y la exclusi\u00f3n del impuesto a la renta (IR) a las pensiones jubilares.<\/p>\n<p style=\"text-align: justify;\">\u201cEsta ley evidencia la contracci\u00f3n del circulante en la econom\u00eda nacional y por eso la desesperaci\u00f3n de promover el dinero electr\u00f3nico. Hay una dura crisis fiscal, por eso ese af\u00e1n recaudatorio, pero est\u00e1n tan perdidos en el manejo de esas crisis que no se dan cuenta que la recaudaci\u00f3n del IVA viene contra\u00edda en el 14% en el primer trimestre&#8230; con la subida de impuestos van a tener menos consumo y mayor contracci\u00f3n\u201d, expres\u00f3 Aguilar.<\/p>\n<p style=\"text-align: justify;\">Hern\u00e1ndez recalc\u00f3 que no pagar\u00e1n IR las personas con discapacidad que tengan una renta mensual de hasta $ 4.000 y que se establece un ajuste del 15% en los presupuestos de los gobiernos seccionales. (I)<\/p>\n","protected":false},"excerpt":{"rendered":"<p>Alianza PAIS (AP) acept\u00f3 una de las propuestas para flexibilizar el techo de tres Salarios B\u00e1sicos Unificados (SBU) ($1.098 en<\/p>\n","protected":false},"author":1,"featured_media":12125,"comment_status":"open","ping_status":"open","sticky":false,"template":"","format":"standard","meta":{"footnotes":""},"categories":[9],"tags":[],"_links":{"self":[{"href":"https:\/\/www.ecuadoraldia.com.ec\/index.php?rest_route=\/wp\/v2\/posts\/12124"}],"collection":[{"href":"https:\/\/www.ecuadoraldia.com.ec\/index.php?rest_route=\/wp\/v2\/posts"}],"about":[{"href":"https:\/\/www.ecuadoraldia.com.ec\/index.php?rest_route=\/wp\/v2\/types\/post"}],"author":[{"embeddable":true,"href":"https:\/\/www.ecuadoraldia.com.ec\/index.php?rest_route=\/wp\/v2\/users\/1"}],"replies":[{"embeddable":true,"href":"https:\/\/www.ecuadoraldia.com.ec\/index.php?rest_route=%2Fwp%2Fv2%2Fcomments&post=12124"}],"version-history":[{"count":1,"href":"https:\/\/www.ecuadoraldia.com.ec\/index.php?rest_route=\/wp\/v2\/posts\/12124\/revisions"}],"predecessor-version":[{"id":12126,"href":"https:\/\/www.ecuadoraldia.com.ec\/index.php?rest_route=\/wp\/v2\/posts\/12124\/revisions\/12126"}],"wp:featuredmedia":[{"embeddable":true,"href":"https:\/\/www.ecuadoraldia.com.ec\/index.php?rest_route=\/wp\/v2\/media\/12125"}],"wp:attachment":[{"href":"https:\/\/www.ecuadoraldia.com.ec\/index.php?rest_route=%2Fwp%2Fv2%2Fmedia&parent=12124"}],"wp:term":[{"taxonomy":"category","embeddable":true,"href":"https:\/\/www.ecuadoraldia.com.ec\/index.php?rest_route=%2Fwp%2Fv2%2Fcategories&post=12124"},{"taxonomy":"post_tag","embeddable":true,"href":"https:\/\/www.ecuadoraldia.com.ec\/index.php?rest_route=%2Fwp%2Fv2%2Ftags&post=12124"}],"curies":[{"name":"wp","href":"https:\/\/api.w.org\/{rel}","templated":true}]}}