{"id":12171,"date":"2016-06-06T21:04:14","date_gmt":"2016-06-06T21:04:14","guid":{"rendered":"http:\/\/www.ecuadoraldia.com.ec\/?p=12171"},"modified":"2016-06-06T21:04:14","modified_gmt":"2016-06-06T21:04:14","slug":"puerto-lopez-listo-para-observatorio-de-ballenas-jorobadas","status":"publish","type":"post","link":"https:\/\/www.ecuadoraldia.com.ec\/?p=12171","title":{"rendered":"Puerto L\u00f3pez, listo para Observatorio de Ballenas Jorobadas"},"content":{"rendered":"<figure id=\"attachment_12172\" aria-describedby=\"caption-attachment-12172\" style=\"width: 300px\" class=\"wp-caption alignleft\"><a href=\"http:\/\/www.ecuadoraldia.com.ec\/wp-content\/uploads\/2016\/06\/ballenas-ecuador.jpg\" rel=\"attachment wp-att-12172\"><img loading=\"lazy\" decoding=\"async\" class=\"size-medium wp-image-12172\" src=\"http:\/\/www.ecuadoraldia.com.ec\/wp-content\/uploads\/2016\/06\/ballenas-ecuador-300x200.jpg\" alt=\"Desde este mes se inicia el observatorio de las ballenas jorobadas en Manab\u00ed\" width=\"300\" height=\"200\" srcset=\"https:\/\/www.ecuadoraldia.com.ec\/wp-content\/uploads\/2016\/06\/ballenas-ecuador-300x200.jpg 300w, https:\/\/www.ecuadoraldia.com.ec\/wp-content\/uploads\/2016\/06\/ballenas-ecuador.jpg 396w\" sizes=\"(max-width: 300px) 100vw, 300px\" \/><\/a><figcaption id=\"caption-attachment-12172\" class=\"wp-caption-text\">Desde este mes se inicia el observatorio de las ballenas jorobadas en Manab\u00ed<\/figcaption><\/figure>\n<p style=\"text-align: justify;\">Quito, 6-06-2016. El l XVIII Festival de Observaci\u00f3n de Ballenas Jorobadas se desarrollar\u00e1 el 18 de junio en Puerto L\u00f3pez. asi lo inform\u00f3 el Ministerio de Turismo.<\/p>\n<p style=\"text-align: justify;\">Estado estos mam\u00edferos marinos migran cada a\u00f1o de las g\u00e9lidas aguas de la Ant\u00e1rtica en un \u00e9pico viaje de m\u00e1s de 8.000 kil\u00f3metros hasta la costa central del Ecuador para aparearse y tener sus cr\u00edas. Por tal motivo, Puerto L\u00f3pez ha sido denominado Santuario de las Ballenas de Ecuador y toda Sudam\u00e9rica.<\/p>\n<p style=\"text-align: justify;\">Desde este mes de junio hasta septiembre, los turistas podr\u00e1n observar el arribo de entre 400 a 600 ballenas jorobadas, convirti\u00e9ndose en un verdadero espect\u00e1culo natural. Los turistas que so\u00f1aron con observar de cerca a los mam\u00edferos, podr\u00e1n viajar desde cualquier punto del Ecuador por las excelentes v\u00edas que conectan a Puerto L\u00f3pez y Jipijapa, cantones que ofrece gran variedad de locales de hospedaje y alimentaci\u00f3n con atenci\u00f3n de calidad, que har\u00e1n de estos lugares, su destino favorito.<\/p>\n<p style=\"text-align: justify;\">El Ministerio de Turismo reiter\u00f3 su apoyo estas iniciativas de reactivaci\u00f3n econ\u00f3mica del sur de la provincia de Manab\u00ed, afectada por el terremoto del 16 de abril.<\/p>\n<p style=\"text-align: justify;\">Se invita a las familias ecuatorianas para que participen en estas actividades y coadyuben al desarrollo del turimo para la reactivaci\u00f3n de la provincia.<\/p>\n","protected":false},"excerpt":{"rendered":"<p>Quito, 6-06-2016. El l XVIII Festival de Observaci\u00f3n de Ballenas Jorobadas se desarrollar\u00e1 el 18 de junio en Puerto L\u00f3pez.<\/p>\n","protected":false},"author":1,"featured_media":12172,"comment_status":"open","ping_status":"open","sticky":false,"template":"","format":"standard","meta":{"footnotes":""},"categories":[1],"tags":[],"_links":{"self":[{"href":"https:\/\/www.ecuadoraldia.com.ec\/index.php?rest_route=\/wp\/v2\/posts\/12171"}],"collection":[{"href":"https:\/\/www.ecuadoraldia.com.ec\/index.php?rest_route=\/wp\/v2\/posts"}],"about":[{"href":"https:\/\/www.ecuadoraldia.com.ec\/index.php?rest_route=\/wp\/v2\/types\/post"}],"author":[{"embeddable":true,"href":"https:\/\/www.ecuadoraldia.com.ec\/index.php?rest_route=\/wp\/v2\/users\/1"}],"replies":[{"embeddable":true,"href":"https:\/\/www.ecuadoraldia.com.ec\/index.php?rest_route=%2Fwp%2Fv2%2Fcomments&post=12171"}],"version-history":[{"count":1,"href":"https:\/\/www.ecuadoraldia.com.ec\/index.php?rest_route=\/wp\/v2\/posts\/12171\/revisions"}],"predecessor-version":[{"id":12173,"href":"https:\/\/www.ecuadoraldia.com.ec\/index.php?rest_route=\/wp\/v2\/posts\/12171\/revisions\/12173"}],"wp:featuredmedia":[{"embeddable":true,"href":"https:\/\/www.ecuadoraldia.com.ec\/index.php?rest_route=\/wp\/v2\/media\/12172"}],"wp:attachment":[{"href":"https:\/\/www.ecuadoraldia.com.ec\/index.php?rest_route=%2Fwp%2Fv2%2Fmedia&parent=12171"}],"wp:term":[{"taxonomy":"category","embeddable":true,"href":"https:\/\/www.ecuadoraldia.com.ec\/index.php?rest_route=%2Fwp%2Fv2%2Fcategories&post=12171"},{"taxonomy":"post_tag","embeddable":true,"href":"https:\/\/www.ecuadoraldia.com.ec\/index.php?rest_route=%2Fwp%2Fv2%2Ftags&post=12171"}],"curies":[{"name":"wp","href":"https:\/\/api.w.org\/{rel}","templated":true}]}}