{"id":12174,"date":"2016-06-06T21:20:44","date_gmt":"2016-06-06T21:20:44","guid":{"rendered":"http:\/\/www.ecuadoraldia.com.ec\/?p=12174"},"modified":"2016-06-06T21:21:06","modified_gmt":"2016-06-06T21:21:06","slug":"puerto-de-aguas-profundas-de-posorja-sera-una-realidad","status":"publish","type":"post","link":"https:\/\/www.ecuadoraldia.com.ec\/?p=12174","title":{"rendered":"El Puerto de Aguas Profundas de Posorja ser\u00e1 una realidad"},"content":{"rendered":"<p style=\"text-align: justify;\"><a href=\"http:\/\/www.ecuadoraldia.com.ec\/wp-content\/uploads\/2016\/06\/puerto.jpg\" rel=\"attachment wp-att-12175\"><img loading=\"lazy\" decoding=\"async\" class=\"alignleft size-medium wp-image-12175\" src=\"http:\/\/www.ecuadoraldia.com.ec\/wp-content\/uploads\/2016\/06\/puerto-300x196.jpg\" alt=\"puerto\" width=\"300\" height=\"196\" srcset=\"https:\/\/www.ecuadoraldia.com.ec\/wp-content\/uploads\/2016\/06\/puerto-300x196.jpg 300w, https:\/\/www.ecuadoraldia.com.ec\/wp-content\/uploads\/2016\/06\/puerto.jpg 580w\" sizes=\"(max-width: 300px) 100vw, 300px\" \/><\/a>Quito, 6 jun 2016. El Ministerio de Obras P\u00fablicas suscribi\u00f3 este lunes el contrato de concesi\u00f3n con la Empresa DP World para la construcci\u00f3n del Puerto de Aguas Profundas Posorja, una obra que pone al pa\u00eds a la vanguardia en materia portuaria y constituye un enlace para el comercio exterior.<\/p>\n<p style=\"text-align: justify;\">El presidente Rafael Correa explic\u00f3 que el contrato se enmarca en la Ley de Alianzas P\u00fablico- Privadas, vigente desde diciembre de 2015. La obra tiene una inversi\u00f3n de 1.200 millones de d\u00f3lares, una de las inversiones extranjeras m\u00e1s importantes que ha recibido el Ecuador, y significar\u00e1 ingresos por 3.500 millones solo por impuestos y pago de la concesi\u00f3n.<\/p>\n<p style=\"text-align: justify;\">\u201cEn tres a\u00f1os tendremos el nuevo puerto, postergado por d\u00e9cada en funci\u00f3n de intereses de las \u00e9lites guayaquile\u00f1as que no mejoraron el puerto de Guayaquil ni incrementaron el flujo mercantil\u201d, sostuvo el jefe de Estado.<\/p>\n<p style=\"text-align: justify;\">El mandatario destac\u00f3 que con esta obra, Posorja ser\u00e1 un nuevo polo de desarrollo nacional por lo que llam\u00f3 a las autoridades locales a poner orden en el desarrollo urbano. Tambi\u00e9n indic\u00f3 que, gracias a la ley de plusval\u00eda (que ser\u00e1 presentada a la Asamblea), se impedir\u00e1 el incremento del costo de las tierras aleda\u00f1as al proyecto.<\/p>\n<p style=\"text-align: justify;\">Anunci\u00f3 que se crear\u00e1 una Zona Especial de Desarrollo (ZEDE), por su car\u00e1cter log\u00edstico. Ser\u00eda la tercera del pa\u00eds, luego de Yachay (desarrollo tecnol\u00f3gico) y de la Refiner\u00eda del Pac\u00edfico (industrial) Esto implica beneficios tributarios y apoyo log\u00edstico.<\/p>\n<p style=\"text-align: justify;\">En la construcci\u00f3n se generar\u00e1n 2.000 empleos directos, en la operaci\u00f3n 800 y, de manera indirecta se prev\u00e9n 1.500 empleos, enfatiz\u00f3 Isabel Noboa Ponton, del consorcio Nobis.<\/p>\n","protected":false},"excerpt":{"rendered":"<p>Quito, 6 jun 2016. El Ministerio de Obras P\u00fablicas suscribi\u00f3 este lunes el contrato de concesi\u00f3n con la Empresa DP<\/p>\n","protected":false},"author":1,"featured_media":12175,"comment_status":"open","ping_status":"open","sticky":false,"template":"","format":"standard","meta":{"footnotes":""},"categories":[1],"tags":[],"_links":{"self":[{"href":"https:\/\/www.ecuadoraldia.com.ec\/index.php?rest_route=\/wp\/v2\/posts\/12174"}],"collection":[{"href":"https:\/\/www.ecuadoraldia.com.ec\/index.php?rest_route=\/wp\/v2\/posts"}],"about":[{"href":"https:\/\/www.ecuadoraldia.com.ec\/index.php?rest_route=\/wp\/v2\/types\/post"}],"author":[{"embeddable":true,"href":"https:\/\/www.ecuadoraldia.com.ec\/index.php?rest_route=\/wp\/v2\/users\/1"}],"replies":[{"embeddable":true,"href":"https:\/\/www.ecuadoraldia.com.ec\/index.php?rest_route=%2Fwp%2Fv2%2Fcomments&post=12174"}],"version-history":[{"count":2,"href":"https:\/\/www.ecuadoraldia.com.ec\/index.php?rest_route=\/wp\/v2\/posts\/12174\/revisions"}],"predecessor-version":[{"id":12177,"href":"https:\/\/www.ecuadoraldia.com.ec\/index.php?rest_route=\/wp\/v2\/posts\/12174\/revisions\/12177"}],"wp:featuredmedia":[{"embeddable":true,"href":"https:\/\/www.ecuadoraldia.com.ec\/index.php?rest_route=\/wp\/v2\/media\/12175"}],"wp:attachment":[{"href":"https:\/\/www.ecuadoraldia.com.ec\/index.php?rest_route=%2Fwp%2Fv2%2Fmedia&parent=12174"}],"wp:term":[{"taxonomy":"category","embeddable":true,"href":"https:\/\/www.ecuadoraldia.com.ec\/index.php?rest_route=%2Fwp%2Fv2%2Fcategories&post=12174"},{"taxonomy":"post_tag","embeddable":true,"href":"https:\/\/www.ecuadoraldia.com.ec\/index.php?rest_route=%2Fwp%2Fv2%2Ftags&post=12174"}],"curies":[{"name":"wp","href":"https:\/\/api.w.org\/{rel}","templated":true}]}}