{"id":12178,"date":"2016-06-06T21:31:52","date_gmt":"2016-06-06T21:31:52","guid":{"rendered":"http:\/\/www.ecuadoraldia.com.ec\/?p=12178"},"modified":"2016-06-06T21:31:52","modified_gmt":"2016-06-06T21:31:52","slug":"elecciones-en-peru-el-conteo-rapido-tambien-le-da-la-victoria-a-pedro-pablo-kuczynski-en-el-exterior","status":"publish","type":"post","link":"https:\/\/www.ecuadoraldia.com.ec\/?p=12178","title":{"rendered":"Elecciones en Per\u00fa: el conteo r\u00e1pido tambi\u00e9n le da la victoria a Pedro Pablo Kuczynski en el exterior"},"content":{"rendered":"<p style=\"text-align: justify;\"><a href=\"http:\/\/www.ecuadoraldia.com.ec\/wp-content\/uploads\/2016\/06\/peru.jpg\" rel=\"attachment wp-att-12179\"><img loading=\"lazy\" decoding=\"async\" class=\"alignleft size-medium wp-image-12179\" src=\"http:\/\/www.ecuadoraldia.com.ec\/wp-content\/uploads\/2016\/06\/peru-300x169.jpg\" alt=\"peru\" width=\"300\" height=\"169\" srcset=\"https:\/\/www.ecuadoraldia.com.ec\/wp-content\/uploads\/2016\/06\/peru-300x169.jpg 300w, https:\/\/www.ecuadoraldia.com.ec\/wp-content\/uploads\/2016\/06\/peru.jpg 533w\" sizes=\"(max-width: 300px) 100vw, 300px\" \/><\/a>En total, 884.924 peruanos estaban habilitados para votar en el exterior en las elecciones de ayer. Ello representa el 3,86% del padr\u00f3n electoral, un caudal electoral muy apetecido en circunstancias como la actual, en que Keiko Fujimori y Pedro Pablo Kuczynski pelean voto a voto la presidencia del Per\u00fa, inform\u00f3 El Comercio.<\/p>\n<p style=\"text-align: justify;\">De acuerdo con el conteo r\u00e1pido de la firma GFK, Kuczynski se impuso en el exterior con un 52,8%, frente al 47,2% de Fujimori.<\/p>\n<p style=\"text-align: justify;\">El peri\u00f3dico peruano recuerda que en la primera vuelta del pasado 10 de abril, votaron 472.027 personas (el 53%).<\/p>\n<p style=\"text-align: justify;\">Hasta el momento, el economista se encamina hacia un triunfo con una m\u00ednima ventaja sobre su contrincante, Keiko Fujimori, en uno de los resultados m\u00e1s ajustados en segunda vuelta de las \u00faltimas elecciones presidenciales en Per\u00fa.<\/p>\n<p style=\"text-align: justify;\">De acuerdo con el conteo r\u00e1pido de la firma GFK, Kuczynski se impuso en el exterior con un 52,8%, frente al 47,2% de Fujimori<br \/>\nDe acuerdo con el c\u00f3mputo del 92,6% de las actas, Kuczynski, de 77 a\u00f1os, obtuvo el 50,32% de los votos, mientras que Fujimori, de 41 a\u00f1os, recibi\u00f3 el 49,68%, lo que significa que su ventaja se redujo a 103.383 votos.<\/p>\n<p style=\"text-align: justify;\">El jefe de la Oficina Nacional de Procesos Electorales (ONPE), Mariano Cucho, remarc\u00f3 la necesidad de esperar el resultado final con calma y prudencia, y aclar\u00f3 que falta incorporar las actas de votos emitidos en el extranjero y de las provincias m\u00e1s alejadas.<\/p>\n","protected":false},"excerpt":{"rendered":"<p>En total, 884.924 peruanos estaban habilitados para votar en el exterior en las elecciones de ayer. Ello representa el 3,86%<\/p>\n","protected":false},"author":1,"featured_media":12179,"comment_status":"open","ping_status":"open","sticky":false,"template":"","format":"standard","meta":{"footnotes":""},"categories":[7],"tags":[],"_links":{"self":[{"href":"https:\/\/www.ecuadoraldia.com.ec\/index.php?rest_route=\/wp\/v2\/posts\/12178"}],"collection":[{"href":"https:\/\/www.ecuadoraldia.com.ec\/index.php?rest_route=\/wp\/v2\/posts"}],"about":[{"href":"https:\/\/www.ecuadoraldia.com.ec\/index.php?rest_route=\/wp\/v2\/types\/post"}],"author":[{"embeddable":true,"href":"https:\/\/www.ecuadoraldia.com.ec\/index.php?rest_route=\/wp\/v2\/users\/1"}],"replies":[{"embeddable":true,"href":"https:\/\/www.ecuadoraldia.com.ec\/index.php?rest_route=%2Fwp%2Fv2%2Fcomments&post=12178"}],"version-history":[{"count":1,"href":"https:\/\/www.ecuadoraldia.com.ec\/index.php?rest_route=\/wp\/v2\/posts\/12178\/revisions"}],"predecessor-version":[{"id":12180,"href":"https:\/\/www.ecuadoraldia.com.ec\/index.php?rest_route=\/wp\/v2\/posts\/12178\/revisions\/12180"}],"wp:featuredmedia":[{"embeddable":true,"href":"https:\/\/www.ecuadoraldia.com.ec\/index.php?rest_route=\/wp\/v2\/media\/12179"}],"wp:attachment":[{"href":"https:\/\/www.ecuadoraldia.com.ec\/index.php?rest_route=%2Fwp%2Fv2%2Fmedia&parent=12178"}],"wp:term":[{"taxonomy":"category","embeddable":true,"href":"https:\/\/www.ecuadoraldia.com.ec\/index.php?rest_route=%2Fwp%2Fv2%2Fcategories&post=12178"},{"taxonomy":"post_tag","embeddable":true,"href":"https:\/\/www.ecuadoraldia.com.ec\/index.php?rest_route=%2Fwp%2Fv2%2Ftags&post=12178"}],"curies":[{"name":"wp","href":"https:\/\/api.w.org\/{rel}","templated":true}]}}